{"id":56946,"date":"2019-07-01T17:10:56","date_gmt":"2019-07-01T17:10:56","guid":{"rendered":"https:\/\/colimdo.org\/?p=56946"},"modified":"2019-07-01T17:10:56","modified_gmt":"2019-07-01T17:10:56","slug":"funerales-luis-mercedes-seran-estadio-tetelo-vargas","status":"publish","type":"post","link":"https:\/\/colimdo.org\/noticias\/funerales-luis-mercedes-seran-estadio-tetelo-vargas\/","title":{"rendered":"Funerales de Luis Mercedes ser\u00e1n en Estadio Tetelo Vargas"},"content":{"rendered":"<p>SAN PEDRO DE MACOR\u00cdS.- Una parte de los funerales del ex pelotero Luis Mercedes tendr\u00e1n lugar el martes, en el Estadio Tetelo Vargas, de San Pedro de Macor\u00eds.<\/p>\n<p>Mercedes, ex jugador y ex coach de bateo de las Estrellas, falleci\u00f3 el domingo, por quebrantos derivados de su afecci\u00f3n de diabetes, entre ellos de tipo renal, los cuales forzaron a someterlo a di\u00e1lisis frecuentemente.<\/p>\n<p>El cad\u00e1ver del ex jugador fue expuesto en la tarde del domingo en la funeraria municipal de San Pedro de Macor\u00eds, y de nuevo lo ser\u00e1 el martes. Este lunes ser\u00e1 preservado en un cuarto fr\u00edo, en la funeraria.<\/p>\n<p>El martes, el cuerpo sin vida de Mercedes ser\u00e1 expuesto nuevamente en la mencionada funeraria, desde las 8:00 a.m. y luego en el Estadio Tetelo Vargas, desde la 1:00 p.m. hasta las 3:00 p.m. Despu\u00e9s de eso, partir\u00e1 en cortejo f\u00fanebre hacia Hato Mayor del Rey, lugar de nacimiento de sus padres, y donde reside su madre. El sepelio tendr\u00e1 lugar en el cementerio municipal de all\u00ed.<\/p>\n<p>El fallecimiento de Mercedes ha producido un hondo pesar entre los seguidores de las Estrellas, en San Pedro de Macor\u00eds y en el resto del pa\u00eds.<\/p>\n<p>El presidente de las Estrellas, ingeniero Miguel Feris, manifest\u00f3 por medio a un despacho de prensa del club, el pesar que tambi\u00e9n en el seno ese equipo de b\u00e9isbol profesional ha causado el fallecimiento del ex capit\u00e1n del club.<\/p>\n<p>A Mercedes le sobreviven su esposa, Danny de Mercedes. Tambi\u00e9n su hijos: Ricci, Luigui, Mariam, Lili. Luis y Shanty.<\/p>\n<p>Mercedes jug\u00f3 con las Estrellas por nueve temporadas, desde 1989. En su \u00faltima campa\u00f1a en el b\u00e9isbol profesional dominicano jug\u00f3 con los Gigantes del Cibao. Fue ganador del premio Novato del A\u00f1o en la Liga Dominicana (1989-1990). Tambi\u00e9n gan\u00f3 el t\u00edtulo de bateo (1991-1992), con promedio de .333; y el liderato de bases robadas (18) en esa misma temporada. De por vida bate\u00f3 para promedio de .289.<\/p>\n<p>El antiguo jardinero tuvo una breve incursi\u00f3n en las Grandes Ligas, con los Orioles de Baltimore y los Gigantes de San Francisco, entre 1991 y 1993, per\u00edodo en el cual actu\u00f3 en 70 partidos.<\/p>\n","protected":false},"excerpt":{"rendered":"<p>Una parte de los funerales del ex pelotero Luis Mercedes tendr\u00e1n lugar el martes, en el Estadio Tetelo Vargas, de San Pedro de Macor\u00eds.<\/p>\n","protected":false},"author":19,"featured_media":56947,"comment_status":"closed","ping_status":"closed","sticky":false,"template":"","format":"standard","meta":[],"categories":[2,60],"tags":[],"acf":[],"_links":{"self":[{"href":"https:\/\/colimdo.org\/wp-api\/wp\/v2\/posts\/56946"}],"collection":[{"href":"https:\/\/colimdo.org\/wp-api\/wp\/v2\/posts"}],"about":[{"href":"https:\/\/colimdo.org\/wp-api\/wp\/v2\/types\/post"}],"author":[{"embeddable":true,"href":"https:\/\/colimdo.org\/wp-api\/wp\/v2\/users\/19"}],"replies":[{"embeddable":true,"href":"https:\/\/colimdo.org\/wp-api\/wp\/v2\/comments?post=56946"}],"version-history":[{"count":1,"href":"https:\/\/colimdo.org\/wp-api\/wp\/v2\/posts\/56946\/revisions"}],"predecessor-version":[{"id":56948,"href":"https:\/\/colimdo.org\/wp-api\/wp\/v2\/posts\/56946\/revisions\/56948"}],"wp:featuredmedia":[{"embeddable":true,"href":"https:\/\/colimdo.org\/wp-api\/wp\/v2\/media\/56947"}],"wp:attachment":[{"href":"https:\/\/colimdo.org\/wp-api\/wp\/v2\/media?parent=56946"}],"wp:term":[{"taxonomy":"category","embeddable":true,"href":"https:\/\/colimdo.org\/wp-api\/wp\/v2\/categories?post=56946"},{"taxonomy":"post_tag","embeddable":true,"href":"https:\/\/colimdo.org\/wp-api\/wp\/v2\/tags?post=56946"}],"curies":[{"name":"wp","href":"https:\/\/api.w.org\/{rel}","templated":true}]}}