{"id":56974,"date":"2019-07-01T21:46:08","date_gmt":"2019-07-01T21:46:08","guid":{"rendered":"https:\/\/colimdo.org\/?p=56974"},"modified":"2019-07-01T21:46:08","modified_gmt":"2019-07-01T21:46:08","slug":"atletas-ganan-oro-clasico-atletismo-jaime-david-fernandez-mirabal","status":"publish","type":"post","link":"https:\/\/colimdo.org\/noticias\/atletas-ganan-oro-clasico-atletismo-jaime-david-fernandez-mirabal\/","title":{"rendered":"Atletas ganan oro en Cl\u00e1sico de Atletismo Jaime David Fern\u00e1ndez Mirabal"},"content":{"rendered":"<p>SANTO DOMINGO. Los atletas Lirnagi Tejada, de La Vega, Melody Mar\u00eda, del Distrito Nacional, Franquelo P\u00e9rez, de la Provincia Independencia y Ronal Nu\u00f1ez, de La Vega, conquistaron medallas de oro en sus categor\u00edas, en el Primer Cl\u00e1sico de Atletismo en Edad Escolar &#8220;Jaime David Fern\u00e1ndez Mirabal&#8221;, que se celebr\u00f3 con rotundo \u00e9xito en el Estadio Ol\u00edmpico.<\/p>\n<p>Tras concluir la jornada, el exMinistro de Deportes, doctor Jaime David Fern\u00e1ndez Mirabal, el doble medallista de oro en Juegos Ol\u00edmpicos, F\u00e9lix S\u00e1nchez y el presidente de la Federaci\u00f3n de Atletismo, Gerardo Suero Correa, realizaron la premiaci\u00f3n y entrega de medallas a los atletas m\u00e1s destacados. Tamib\u00e9n se entregaron premios de utiler\u00eda de la firma Puma.<\/p>\n<p>El presidente de la Federaci\u00f3n de Atletismo, Gerardo Suero Correa, anunci\u00f3 de manera oficial que el II Cl\u00e1sico de Atletismo Escolar &#8220;Jaime David Fern\u00e1ndez Mirabal&#8221;, se celebrar\u00e1 el a\u00f1o pr\u00f3ximo para esta misma fecha.<\/p>\n<p>&#8220;Honor a quien honor merece, el doctor Fern\u00e1ndez Mirabal fue un gran aliado del atletismo dominicano en su gesti\u00f3n de cuatro a\u00f1os al frente de MIDEREC&#8221;, dijo Suero Correa.<\/p>\n<p>Gerardo Suero destac\u00f3 que el evento es el fruto de los convivios escolares que comenzaron a realizarse mientras Fern\u00e1ndez Mirabal era el titular del Ministerio de Deportes, de donde salieron atletas medallistas centroamericanos como Marileidy Paulino, Mayobanex de Oleo, Yancarlos Mart\u00ednez, entre otros .<\/p>\n<p>Los ganadores individuales<\/p>\n<p>En la carrera de los 100 metros femeninos sub16, resultaron ganadores por en los 14 a\u00f1os, Lirangi Tejada de la Vega, logr\u00f3 la primera posici\u00f3n con tiempo de 12.36 y un viento en contra de 1.1, Jennifer D\u00edaz de San Pedro de Macor\u00eds y Perla S\u00e1nchez del Distrito Nacional, obtuvieron el segundo y tercer lugar con tiempos de 13.15 y 13.34, respectivamente.<\/p>\n<p>En la categor\u00eda masculina, Ronal N\u00fa\u00f1ez de la Vega, consigui\u00f3 el primer lugar con tiempo de 11.60 y con un viento en contra de 2.4, el segundo lugar fue para Daniel San de Barahona con 11.67, en tanto que el tercer lugar fue para V\u00edctor Plasencio de San Pedro de Macor\u00eds, con tiempo de 11.90.<\/p>\n<p>Los 100 metros U18 en femenino, obtuvieron medallas de oro, plata y bronce, Mar\u00eda del Distrito Nacional con 12.49 con un viento en contra de 1.9, el segundo lugar fue para Yocairy Joseph de la Romana con 12.95 y el tercer lugar para Leidy C\u00e9spedes de Azua con 13.10<\/p>\n<p>En masculino Franquelo P\u00e9rez de Independencia obtuvo de manera f\u00e1cil el primer lugar en los 100 metros con tiempo de 11.07 y un viento en contra de 3.1, el vegano Juan Acosta se quedo con la segunda posici\u00f3n con 11.49 y Ronny Matos de San Crist\u00f3bal se quedo con el tercer lugar con 11.58.<\/p>\n","protected":false},"excerpt":{"rendered":"<p>El presidente de la Federaci\u00f3n de Atletismo, Gerardo Suero Correa, anunci\u00f3 de manera oficial que el II Cl\u00e1sico de Atletismo Escolar &#8220;Jaime David Fern\u00e1ndez Mirabal&#8221;, se celebrar\u00e1 el a\u00f1o pr\u00f3ximo para esta misma fecha.<\/p>\n","protected":false},"author":16,"featured_media":56975,"comment_status":"closed","ping_status":"closed","sticky":false,"template":"","format":"standard","meta":[],"categories":[2,60],"tags":[],"acf":[],"_links":{"self":[{"href":"https:\/\/colimdo.org\/wp-api\/wp\/v2\/posts\/56974"}],"collection":[{"href":"https:\/\/colimdo.org\/wp-api\/wp\/v2\/posts"}],"about":[{"href":"https:\/\/colimdo.org\/wp-api\/wp\/v2\/types\/post"}],"author":[{"embeddable":true,"href":"https:\/\/colimdo.org\/wp-api\/wp\/v2\/users\/16"}],"replies":[{"embeddable":true,"href":"https:\/\/colimdo.org\/wp-api\/wp\/v2\/comments?post=56974"}],"version-history":[{"count":1,"href":"https:\/\/colimdo.org\/wp-api\/wp\/v2\/posts\/56974\/revisions"}],"predecessor-version":[{"id":56976,"href":"https:\/\/colimdo.org\/wp-api\/wp\/v2\/posts\/56974\/revisions\/56976"}],"wp:featuredmedia":[{"embeddable":true,"href":"https:\/\/colimdo.org\/wp-api\/wp\/v2\/media\/56975"}],"wp:attachment":[{"href":"https:\/\/colimdo.org\/wp-api\/wp\/v2\/media?parent=56974"}],"wp:term":[{"taxonomy":"category","embeddable":true,"href":"https:\/\/colimdo.org\/wp-api\/wp\/v2\/categories?post=56974"},{"taxonomy":"post_tag","embeddable":true,"href":"https:\/\/colimdo.org\/wp-api\/wp\/v2\/tags?post=56974"}],"curies":[{"name":"wp","href":"https:\/\/api.w.org\/{rel}","templated":true}]}}