{"id":56992,"date":"2019-07-01T23:50:25","date_gmt":"2019-07-01T23:50:25","guid":{"rendered":"https:\/\/colimdo.org\/?p=56992"},"modified":"2019-07-01T23:50:25","modified_gmt":"2019-07-01T23:50:25","slug":"aguilas-cibaenas-se-preparan-cara-temporada-beisbol-invernal","status":"publish","type":"post","link":"https:\/\/colimdo.org\/noticias\/aguilas-cibaenas-se-preparan-cara-temporada-beisbol-invernal\/","title":{"rendered":"\u00c1guilas Cibae\u00f1as se preparan con todo de cara a temporada de b\u00e9isbol invernal"},"content":{"rendered":"<p>SANTIAGO. &#8211; Las \u00c1guilas Cibae\u00f1as ya tienen el \u201camarre\u201d con sus jugadores nativos que ver\u00e1n acci\u00f3n desde la primera fase de la venidera temporada de b\u00e9isbol oto\u00f1o\u2013invernal, como fruto de un trabajo arduo de contacto y compromiso de sus peloteros, revel\u00f3 aqu\u00ed \u00c1ngel Ovalles, Gerente General del equipo, en rueda de prensa.<\/p>\n<p>\u201cContaremos para el inicio de la campa\u00f1a con un equipo de veteranos conocedores de la liga, junto a valiosos j\u00f3venes talentos, para crear el ambiente ganador que siempre ha reinado en las \u00c1guilas donde el objetivo principal es ganar en enero\u201d, dijo de entrada y con entusiasmo Ovalles.<\/p>\n<p>\u201cTenemos la buena noticia de que Ronny Rodr\u00edguez nos inform\u00f3 hace unos d\u00edas que entrar\u00e1 en la primera semana del campeonato y ya hemos recibido la intenci\u00f3n de hombres como Francisco Pe\u00f1a, Wil\u00edn Rosario y Deivi Grull\u00f3n, que estar\u00e1n en la receptor\u00eda desde el inicio. \u201c, a\u00f1adi\u00f3<\/p>\n<p>M\u00e1s adelante el Gerente General aguilucho indic\u00f3 que desde M\u00e9xico, donde est\u00e1n teniendo buenas temporadas Juan Carlos P\u00e9rez y Rainiel Rosario, dos hombres que aportar\u00e1n mucho, han confirmado su intenci\u00f3n de iniciar desde temprano.<\/p>\n<p>\u201cTambien est\u00e1n programados para estar desde el comienzo Luis Valenzuela, Orlando Calixte, Edwin Espinal, y Diego Goris\u201d, precisa \u00c1ngel Ovalles<\/p>\n<p>Danny Santana, Jonathan Villar y Zoilo Almonte, V\u00edctor Robles, y Wilmer Dif\u00f3 entrar\u00e1n a juego en el transcurso de la campa\u00f1a, seg\u00fan le han hecho saber al equipo.<\/p>\n<p>Ovalles asegura que \u201chay muchos J\u00f3venes que tenemos inter\u00e9s en verlos en acci\u00f3n, y hemos estado en conversaciones con las organizaciones a la que pertenecen para obtener los permisos\u201d<\/p>\n<p>Entre ellos Leody Taveras, Luis Garc\u00eca, primera selecci\u00f3n del a\u00f1o pasado, Izy Wilson, Lolo S\u00e1nchez, Randy Ventura, Adrian Valerio, Hansen Moreno, entre otros.<\/p>\n<p>El Gerente de los amarillos asegura que, con ese plantel criollo en cuanto a jugadores de posiciones, el equipo se enfoca ahora en reforzarse de manera inteligente para fortalecer la escuadra que saltar\u00e1 al terreno el 12 de octubre.<\/p>\n<p>SOBRE EL PITCHEO<\/p>\n<p>\u201d En el pitcheo pienso que estaremos bastante s\u00f3lidos. Tendremos cuatro lanzadores importados, ya ha sido anunciado Yunesky Maya, y los dem\u00e1s se anunciar\u00e1n en las pr\u00f3ximas semanas, cuando concluya el proceso de las firmas\u201d.<\/p>\n<p>Un quinto abridor ser\u00e1 criollo tenemos en capacidad de hacer ese rol a Richelson Pe\u00f1a, Ranfi Casimiro, Cesilio Pimentel y F\u00e8lix Jorge, entre otros, asegur\u00f3 \u00c1ngel Ovalles.<\/p>\n<p>\u201d Adem\u00e1s tenemos un n\u00facleo de lanzadores j\u00f3venes, buenos brazos que surgieron el a\u00f1o pasado como F\u00e8lix Paulino, Yohan B\u00e1ez, Johan Ram\u00edrez, Daury Torrez, Jos\u00e9 Dom\u00ednguez, una adquisici\u00f3n que hicimos en la primavera y otros brazos que vienen surgiendo en las ligas menores\u201d, dijo al final.<\/p>\n","protected":false},"excerpt":{"rendered":"<p>\u201cContaremos para el inicio de la campa\u00f1a con un equipo de veteranos conocedores de la liga, junto a valiosos j\u00f3venes talentos, para crear el ambiente ganador que siempre ha reinado en las \u00c1guilas donde el objetivo principal es ganar en enero\u201d, dijo de entrada y con entusiasmo \u00c1ngel Ovalles.<\/p>\n","protected":false},"author":16,"featured_media":56993,"comment_status":"closed","ping_status":"closed","sticky":false,"template":"","format":"standard","meta":[],"categories":[2,60],"tags":[],"acf":[],"_links":{"self":[{"href":"https:\/\/colimdo.org\/wp-api\/wp\/v2\/posts\/56992"}],"collection":[{"href":"https:\/\/colimdo.org\/wp-api\/wp\/v2\/posts"}],"about":[{"href":"https:\/\/colimdo.org\/wp-api\/wp\/v2\/types\/post"}],"author":[{"embeddable":true,"href":"https:\/\/colimdo.org\/wp-api\/wp\/v2\/users\/16"}],"replies":[{"embeddable":true,"href":"https:\/\/colimdo.org\/wp-api\/wp\/v2\/comments?post=56992"}],"version-history":[{"count":1,"href":"https:\/\/colimdo.org\/wp-api\/wp\/v2\/posts\/56992\/revisions"}],"predecessor-version":[{"id":56994,"href":"https:\/\/colimdo.org\/wp-api\/wp\/v2\/posts\/56992\/revisions\/56994"}],"wp:featuredmedia":[{"embeddable":true,"href":"https:\/\/colimdo.org\/wp-api\/wp\/v2\/media\/56993"}],"wp:attachment":[{"href":"https:\/\/colimdo.org\/wp-api\/wp\/v2\/media?parent=56992"}],"wp:term":[{"taxonomy":"category","embeddable":true,"href":"https:\/\/colimdo.org\/wp-api\/wp\/v2\/categories?post=56992"},{"taxonomy":"post_tag","embeddable":true,"href":"https:\/\/colimdo.org\/wp-api\/wp\/v2\/tags?post=56992"}],"curies":[{"name":"wp","href":"https:\/\/api.w.org\/{rel}","templated":true}]}}