{"id":57010,"date":"2019-07-02T15:23:38","date_gmt":"2019-07-02T15:23:38","guid":{"rendered":"https:\/\/colimdo.org\/?p=57010"},"modified":"2019-07-02T15:23:38","modified_gmt":"2019-07-02T15:23:38","slug":"academia-deportiva-rafael-baez-inaugura-torneo-beisbol-vacacional","status":"publish","type":"post","link":"https:\/\/colimdo.org\/noticias\/academia-deportiva-rafael-baez-inaugura-torneo-beisbol-vacacional\/","title":{"rendered":"Academia Deportiva Rafael B\u00e1ez inaugura torneo de b\u00e9isbol vacacional"},"content":{"rendered":"<p class=\"x_MsoNormal\">SANTO DOMINGO. La Academia Deportiva Rafael B\u00e1ez, del sector de Villa Duarte, puso en marcha este s\u00e1bado su tradicional Torneo de B\u00e9isbol Vacacional 2019, en el estadio de b\u00e9isbol de la Armada de Rep\u00fablica Dominicana, en la Base Naval 27 de Febrero en Sans Souc\u00ed.<\/p>\n<p class=\"x_MsoNormal\">En el certamen competir\u00e1n m\u00e1s de 300 atletas distribuidos en 20 equipos y en seis categor\u00edas que van en edades de 5-6 a\u00f1os, 7-8, 9-10, 11-12, 13-14 y 15-16 a\u00f1os.<\/p>\n<p class=\"x_MsoNormal\">Los detalles fueron dados por Rafael B\u00e1ez, presidente de la Academia que lleva su nombre, durante el acto de apertura de la justa que tendr\u00e1 una duraci\u00f3n de un mes y una semana.<\/p>\n<p class=\"x_MsoNormal\">El reconocido hombre de b\u00e9isbol\u00a0resalt\u00f3 la dedicatoria del torneo a 10 dirigentes deportivos y presidentes de ligas de la provincia de Santo Domingo y su Municipio Este como son Roberto Batista, de la Liga Las Am\u00e9ricas; Ram\u00f3n Pimentel (Mom\u00f3n), Liga La Francia Nueva; Pedro F\u00e9lix Blandino, de Estrella de Papito; y H\u00e9ctor D\u00edaz, de la Liga Norma D\u00edaz.<\/p>\n<p class=\"x_MsoNormal\">As\u00ed como, Roberto Nerys, de la Liga Manuela Diez; Fausto Betemit, de la Liga Estrellas de Betemit; Kelme Castillo, de la Liga Isabelita; Ram\u00f3n Marte, de la Liga San Felipe; y Andr\u00e9s Galv\u00e1, de la Liga Estrellas de Los Frailes.<\/p>\n<p class=\"x_MsoNormal\">De la Academia Rafael B\u00e1ez sali\u00f3 el pelotero de Grandes Ligas, Carlos Santana, de los Indios de Cleveland.<\/p>\n<p class=\"x_MsoNormal\">B\u00e1ez, quien tuvo a cargo las palabras centrales de la ceremonia de apertura, sostuvo que se jugar\u00e1 lunes, martes, jueves, viernes y domingo en dos horarios, a las 9:30 de la ma\u00f1ana y a las 2:30 de la tarde.<\/p>\n<p class=\"x_MsoNormal\">Destac\u00f3 que \u201cel objetivo de este torneo vacacional de b\u00e9isbol es para que los atletas realicen sus sue\u00f1os y puedan aprovechar el per\u00edodo de vacaciones del a\u00f1o escolar\u201d.<\/p>\n<p class=\"x_MsoNormal\">\u201cEntretenerlos en algo productivo y as\u00ed se mantengan alejado de los males sociales que afectan a nuestra comunidad de Villa Duarte, sectores aleda\u00f1os y la sociedad en sentido general.<\/p>\n<p class=\"x_MsoNormal\">B\u00e1ez agradeci\u00f3 la donaci\u00f3n de que fue objeto su academia por parte del se\u00f1or Jos\u00e9 Sir\u00ed y su familia, quien le entreg\u00f3 cinco juegos de bases para ser utilizado durante el Torneo de B\u00e9isbol Vacacional 2019.<\/p>\n<p class=\"x_MsoNormal\">El ni\u00f1o Junior Armando Feliz, de la Academia Rafael B\u00e1ez, realiza el juramento deportivo.<\/p>\n<p class=\"x_MsoNormal\">Luego, cinco de los homenajeados con la dedicatoria del evento realizaron el lanzamiento de la primera bola, ellos fueron Nerys, Lele Castillo, Blandino, D\u00edaz y Kelme Castillo. Betemit se incorpor\u00f3 un poco m\u00e1s por compromisos personales.<\/p>\n<p class=\"x_MsoNormal\">\n","protected":false},"excerpt":{"rendered":"<p>La Academia Deportiva Rafael B\u00e1ez, del sector de Villa Duarte, puso en marcha este s\u00e1bado su tradicional Torneo de B\u00e9isbol Vacacional 2019, en el estadio de b\u00e9isbol de la Armada de Rep\u00fablica Dominicana, en la Base Naval 27 de Febrero en Sans Souc\u00ed.<\/p>\n","protected":false},"author":16,"featured_media":57011,"comment_status":"closed","ping_status":"closed","sticky":false,"template":"","format":"standard","meta":[],"categories":[2,60],"tags":[],"acf":[],"_links":{"self":[{"href":"https:\/\/colimdo.org\/wp-api\/wp\/v2\/posts\/57010"}],"collection":[{"href":"https:\/\/colimdo.org\/wp-api\/wp\/v2\/posts"}],"about":[{"href":"https:\/\/colimdo.org\/wp-api\/wp\/v2\/types\/post"}],"author":[{"embeddable":true,"href":"https:\/\/colimdo.org\/wp-api\/wp\/v2\/users\/16"}],"replies":[{"embeddable":true,"href":"https:\/\/colimdo.org\/wp-api\/wp\/v2\/comments?post=57010"}],"version-history":[{"count":1,"href":"https:\/\/colimdo.org\/wp-api\/wp\/v2\/posts\/57010\/revisions"}],"predecessor-version":[{"id":57012,"href":"https:\/\/colimdo.org\/wp-api\/wp\/v2\/posts\/57010\/revisions\/57012"}],"wp:featuredmedia":[{"embeddable":true,"href":"https:\/\/colimdo.org\/wp-api\/wp\/v2\/media\/57011"}],"wp:attachment":[{"href":"https:\/\/colimdo.org\/wp-api\/wp\/v2\/media?parent=57010"}],"wp:term":[{"taxonomy":"category","embeddable":true,"href":"https:\/\/colimdo.org\/wp-api\/wp\/v2\/categories?post=57010"},{"taxonomy":"post_tag","embeddable":true,"href":"https:\/\/colimdo.org\/wp-api\/wp\/v2\/tags?post=57010"}],"curies":[{"name":"wp","href":"https:\/\/api.w.org\/{rel}","templated":true}]}}