{"id":57035,"date":"2019-07-02T22:31:11","date_gmt":"2019-07-02T22:31:11","guid":{"rendered":"https:\/\/colimdo.org\/?p=57035"},"modified":"2019-07-02T22:31:22","modified_gmt":"2019-07-02T22:31:22","slug":"designan-crismery-santana-abanderada-la-delegacion-rd","status":"publish","type":"post","link":"https:\/\/colimdo.org\/noticias\/designan-crismery-santana-abanderada-la-delegacion-rd\/","title":{"rendered":"Designan a Crismery Santana abanderada de la delegaci\u00f3n de RD"},"content":{"rendered":"<p>SANTO DOMINGO.- La levantadora de pesas Crismery Santana fue designada como la abanderada de la delegaci\u00f3n dominicana que asistir\u00e1 a los XVIII Juegos Panamericanos que tendr\u00e1n lugar del 26 de julio al 11 de agosto en la ciudad de Lima, Per\u00fa.<\/p>\n<p>La medallista dorada de los Juegos Centroamericanos y del Caribe de Barranquilla, Colombia, el pasado a\u00f1o, fue elegida a unanimidad en la sesi\u00f3n de trabajo del Comit\u00e9 Ejecutivo del Comit\u00e9 Ol\u00edmpico Dominicano (COD), celebrada este martes.<\/p>\n<p>\u201cTodos estuvimos de acuerdo en que Crismery (Santana) llevara la bandera al frente de la delegaci\u00f3n durante el desfile inaugural de los Juegos (Panamericanos)\u201d, inform\u00f3 Luis Mej\u00eda Oviedo, mediante un despacho de prensa.<\/p>\n<p>En el torneo de levantamiento de pesas de los Juegos Centroamericanos y del Caribe de Barranquilla, Santana estableci\u00f3 r\u00e9cord en su categor\u00eda de los 90 kilogramos. Primero gan\u00f3 la presea dorada en la prueba del envi\u00f3n al levantar 114 kilos, donde super\u00f3 a la venezolana Naryuri que hizo 113 kilogramos, y que gan\u00f3 medalla de plata. En la prueba de envi\u00f3n Santana tambi\u00e9n se llev\u00f3 el oro con 141 kilos en la barra, para superar tambi\u00e9n a la venezolana por un kilogramo.<\/p>\n<p>En el campeonato Mundial celebrado en la ciudad de Ashgabat, Turkmenist\u00e1n, obtuvo medalla de plata y bronce.<\/p>\n<p>En mayo del a\u00f1o pasado, tambi\u00e9n hizo historia cuando impuso un nuevo r\u00e9cord en el campeonato Panamericano de Pesas, que se celebr\u00f3 en el Pabell\u00f3n de Pesas Jos\u00e9 Joaqu\u00edn Puello del Parque del Este.<\/p>\n<p>Fechas importantes<\/p>\n<p>Mej\u00eda Oviedo anunci\u00f3 que el pr\u00f3ximo 14 de julio est\u00e1 prevista la fiesta de despedida de la delegaci\u00f3n, un acto que tendr\u00e1 lugar en las facilidades del Albergue Ol\u00edmpico.<\/p>\n<p>Una semana despu\u00e9s, el 21 de julio se efectuar\u00e1 una misa, a las diez de la ma\u00f1ana, tambi\u00e9n en el Albergue Ol\u00edmpico.<\/p>\n<p>El abanderamiento no tiene fecha y se espera que Protocolo del Palacio Nacional fije el d\u00eda y la hora en que el presidente Danilo Medina, entregue la bandera a la delegaci\u00f3n.<\/p>\n<p>Rep\u00fablica Dominicana asistir\u00e1 a los XVIII Juegos Panamericanos con una delegaci\u00f3n de poco m\u00e1s de 200 atletas, aunque todav\u00eda restan varios deportes por agotar los eventos en busca de plaza para la cita deportiva continental.<\/p>\n<p>El Jefe de Misi\u00f3n es el ingeniero Garibaldy Bautista, quien adem\u00e1s es el presidente de la Federaci\u00f3n Dominicana de Softbol.<\/p>\n<p>En la reuni\u00f3n del Comit\u00e9 Ejecutivo participaron, adem\u00e1s de Mej\u00eda Oviedo, Antonio Acosta, Rafael Uribe, Gilberto Garc\u00eda, Jos\u00e9 Luis Ram\u00edrez, Edwin Rodr\u00edguez, Dulce Mar\u00eda Pi\u00f1a, Nelson Ram\u00edrez, Rafael Villalona y Luis Elpidio Cumba.<\/p>\n","protected":false},"excerpt":{"rendered":"<p>La medallista dorada de los Juegos Centroamericanos y del Caribe de Barranquilla, Colombia, el pasado a\u00f1o, fue elegida a unanimidad en la sesi\u00f3n de trabajo del Comit\u00e9 Ejecutivo del Comit\u00e9 Ol\u00edmpico Dominicano (COD), celebrada este martes.<\/p>\n","protected":false},"author":16,"featured_media":57036,"comment_status":"closed","ping_status":"closed","sticky":false,"template":"","format":"standard","meta":[],"categories":[2,60],"tags":[],"acf":[],"_links":{"self":[{"href":"https:\/\/colimdo.org\/wp-api\/wp\/v2\/posts\/57035"}],"collection":[{"href":"https:\/\/colimdo.org\/wp-api\/wp\/v2\/posts"}],"about":[{"href":"https:\/\/colimdo.org\/wp-api\/wp\/v2\/types\/post"}],"author":[{"embeddable":true,"href":"https:\/\/colimdo.org\/wp-api\/wp\/v2\/users\/16"}],"replies":[{"embeddable":true,"href":"https:\/\/colimdo.org\/wp-api\/wp\/v2\/comments?post=57035"}],"version-history":[{"count":1,"href":"https:\/\/colimdo.org\/wp-api\/wp\/v2\/posts\/57035\/revisions"}],"predecessor-version":[{"id":57037,"href":"https:\/\/colimdo.org\/wp-api\/wp\/v2\/posts\/57035\/revisions\/57037"}],"wp:featuredmedia":[{"embeddable":true,"href":"https:\/\/colimdo.org\/wp-api\/wp\/v2\/media\/57036"}],"wp:attachment":[{"href":"https:\/\/colimdo.org\/wp-api\/wp\/v2\/media?parent=57035"}],"wp:term":[{"taxonomy":"category","embeddable":true,"href":"https:\/\/colimdo.org\/wp-api\/wp\/v2\/categories?post=57035"},{"taxonomy":"post_tag","embeddable":true,"href":"https:\/\/colimdo.org\/wp-api\/wp\/v2\/tags?post=57035"}],"curies":[{"name":"wp","href":"https:\/\/api.w.org\/{rel}","templated":true}]}}