{"id":57041,"date":"2019-07-02T21:43:57","date_gmt":"2019-07-02T21:43:57","guid":{"rendered":"https:\/\/colimdo.org\/?p=57041"},"modified":"2019-07-02T21:43:57","modified_gmt":"2019-07-02T21:43:57","slug":"roger-federer-rafael-nadal-pusieron-primera-wimbledon","status":"publish","type":"post","link":"https:\/\/colimdo.org\/noticias\/roger-federer-rafael-nadal-pusieron-primera-wimbledon\/","title":{"rendered":"Roger Federer y Rafael Nadal pusieron primera en Wimbledon"},"content":{"rendered":"<p>ESPN. Fue el turno de los debuts en la mitad inferior del cuadro de Wimbledon. Por ende, Roger Federer y Rafael Nadal salieron a la cancha y no tuvieron problemas para dar el paso inicial, m\u00e1s all\u00e1 de que el suizo dej\u00f3 en el camino el primer set. As\u00ed, las dos grandes figuras de esa parte de la llave avanzaron en el tercer Grand Slam de 2019.<\/p>\n<p>En el segundo turno del Court Central, el suizo se present\u00f3 contra el sudafricano Lloyd Harris, al que venci\u00f3 por 3-6, 6-1, 6-2 y 6-2. Con ajustes en el primer cap\u00edtulo, Federer dej\u00f3 escapar ese set, llamativo en \u00e9l en la apertura. Pero enderez\u00f3 el rumbo, aceler\u00f3, mostr\u00f3 su variedad de juego y se abri\u00f3 camino a la segunda ronda en el tradicional c\u00e9sped del All England Club de Londres.<\/p>\n<p>Federer sum\u00f3 as\u00ed 61 Majors seguidos, de los que \u00e9l jug\u00f3, superando la primera rueda. Harris se ilusion\u00f3 pero la alegr\u00eda le dur\u00f3 poco, en busca de haber sido el primer tenista en vencer al suizo en el debut de Wimbledon desde que fue campe\u00f3n de Grand Slam. Federer tiene ahora r\u00e9cord 96-12 en el torneo, donde perdi\u00f3 por \u00faltima vez con otro sudafricano, Kevin Anderson, hace un a\u00f1o, en cuartos de final.<\/p>\n<p>El suizo, m\u00e1ximo campe\u00f3n en Wimbledon, con ocho t\u00edtulos, es el l\u00edder hist\u00f3rico en coronas de Grand Slam, con 20. En segunda se medir\u00e1, el jueves, con el invitado local Jay Clarke.<\/p>\n<p>Nadal, mientras tanto, debut\u00f3 sin problemas ante el japon\u00e9s Yuichi Sugita en el tercer turno de la cancha N\u00b01. El espa\u00f1ol, semifinalista en 2018 y tercer preclasificado en la presente edici\u00f3n, tiene r\u00e9cord de 49-11 en este certamen tras su triunfo de 6-3, 6-1 y 6-3.<\/p>\n<p>El zurdo de Manacor domin\u00f3 a voluntad a un adversario que se mostr\u00f3 firme, pero que ratific\u00f3 la diferencia de status entre ambos. Campe\u00f3n dos veces en este Major, el espa\u00f1ol tendr\u00e1 un compromiso muy dif\u00edcil en la segunda rueda, ante el australiano Nick Kyrgios, el mismo que ya lo elimin\u00f3 en una ocasi\u00f3n en Wimbledon. Sin dudas, &#8220;el&#8221; partido del jueves en Londres&#8230;<\/p>\n<p>&nbsp;<\/p>\n","protected":false},"excerpt":{"rendered":"<p>Roger Federer y Rafael Nadal salieron a la cancha y no tuvieron problemas para dar el paso inicial, m\u00e1s all\u00e1 de que el suizo dej\u00f3 en el camino el primer set. As\u00ed, las dos grandes figuras de esa parte de la llave avanzaron en el tercer Grand Slam de 2019.<\/p>\n","protected":false},"author":16,"featured_media":57042,"comment_status":"closed","ping_status":"closed","sticky":false,"template":"","format":"standard","meta":[],"categories":[2,60],"tags":[],"acf":[],"_links":{"self":[{"href":"https:\/\/colimdo.org\/wp-api\/wp\/v2\/posts\/57041"}],"collection":[{"href":"https:\/\/colimdo.org\/wp-api\/wp\/v2\/posts"}],"about":[{"href":"https:\/\/colimdo.org\/wp-api\/wp\/v2\/types\/post"}],"author":[{"embeddable":true,"href":"https:\/\/colimdo.org\/wp-api\/wp\/v2\/users\/16"}],"replies":[{"embeddable":true,"href":"https:\/\/colimdo.org\/wp-api\/wp\/v2\/comments?post=57041"}],"version-history":[{"count":1,"href":"https:\/\/colimdo.org\/wp-api\/wp\/v2\/posts\/57041\/revisions"}],"predecessor-version":[{"id":57043,"href":"https:\/\/colimdo.org\/wp-api\/wp\/v2\/posts\/57041\/revisions\/57043"}],"wp:featuredmedia":[{"embeddable":true,"href":"https:\/\/colimdo.org\/wp-api\/wp\/v2\/media\/57042"}],"wp:attachment":[{"href":"https:\/\/colimdo.org\/wp-api\/wp\/v2\/media?parent=57041"}],"wp:term":[{"taxonomy":"category","embeddable":true,"href":"https:\/\/colimdo.org\/wp-api\/wp\/v2\/categories?post=57041"},{"taxonomy":"post_tag","embeddable":true,"href":"https:\/\/colimdo.org\/wp-api\/wp\/v2\/tags?post=57041"}],"curies":[{"name":"wp","href":"https:\/\/api.w.org\/{rel}","templated":true}]}}