{"id":57053,"date":"2019-07-02T22:22:52","date_gmt":"2019-07-02T22:22:52","guid":{"rendered":"https:\/\/colimdo.org\/?p=57053"},"modified":"2019-07-02T22:22:52","modified_gmt":"2019-07-02T22:22:52","slug":"marques-townes-jugara-chicago-bulls-la-liga-verano-la-nba","status":"publish","type":"post","link":"https:\/\/colimdo.org\/noticias\/marques-townes-jugara-chicago-bulls-la-liga-verano-la-nba\/","title":{"rendered":"Marques Townes jugar\u00e1 con Chicago Bulls en la Liga de Verano de la NBA"},"content":{"rendered":"<p><strong>Santo Domingo, SALTO AL CENTRO<\/strong>\u00a0\u2013El estelar exjugador de la Universidad de Loyola y miembro de la Selecci\u00f3n Dominicana de Baloncesto, Marques Townes, formar\u00e1 parte de Chicago Bulls en la\u00a0NBA Summer League\u00a0o Liga de Verano de la NBA, el cual jugar\u00e1n en Las Vegas, desde el 5 al 15 del presente mes.<\/p>\n<p>El escolta quisqueyano confirm\u00f3 a Salto al Centro su participaci\u00f3n, informaci\u00f3n dada por su agencia Edge Sports International, Inc., y la periodista local Shannon Ryan.<\/p>\n<p>Townes ha sido convocado entre los 18 jugadores de la Selecci\u00f3n Dominicana de Baloncesto para los\u00a0XVIII Juegos Panamericanos de Lima, Per\u00fa 2019. Particip\u00f3 por primera vez con la camiseta quisqueyana en los\u00a0XXIII Juegos Centroamericanos y del Caribe, Barranquilla, Colombia 2018.<br \/>\nMarques Townes y Chicago Bulls debutar\u00e1n en la Liga de Verano de la NBA de este 2019 el pr\u00f3ximo viernes 5 contra Los \u00c1ngeles Lakers a partir de las 7:30 de la noche, hora dominicana, en Thomas &amp; Mack Center and Cox Pavilion. Ser\u00e1 transmitido por ESPN.<\/p>\n<p>Los siguientes encuentros del dominicano con los Bulls ser\u00e1n el domingo 7 de julio a partir de las 7:30 de la noche frente a Cleveland Cavaliers por ESPN, lunes 8 frente a los Pel\u00edcanos de Nueva Orleans desde las 9:30 de la noche por NBA TV, y mi\u00e9rcoles 10 de julio a partir de las 5:00 de la tarde contra Charlotte Hornets por NBA TV.<\/p>\n<div><\/div>\n<div><\/div>\n<div><\/div>\n<div><\/div>\n<div><\/div>\n","protected":false},"excerpt":{"rendered":"<p>Townes ha sido convocado entre los 18 jugadores de la Selecci\u00f3n Dominicana de Baloncesto para los\u00a0XVIII Juegos Panamericanos de Lima, Per\u00fa 2019.<\/p>\n","protected":false},"author":16,"featured_media":57054,"comment_status":"closed","ping_status":"closed","sticky":false,"template":"","format":"standard","meta":[],"categories":[2,60],"tags":[],"acf":[],"_links":{"self":[{"href":"https:\/\/colimdo.org\/wp-api\/wp\/v2\/posts\/57053"}],"collection":[{"href":"https:\/\/colimdo.org\/wp-api\/wp\/v2\/posts"}],"about":[{"href":"https:\/\/colimdo.org\/wp-api\/wp\/v2\/types\/post"}],"author":[{"embeddable":true,"href":"https:\/\/colimdo.org\/wp-api\/wp\/v2\/users\/16"}],"replies":[{"embeddable":true,"href":"https:\/\/colimdo.org\/wp-api\/wp\/v2\/comments?post=57053"}],"version-history":[{"count":1,"href":"https:\/\/colimdo.org\/wp-api\/wp\/v2\/posts\/57053\/revisions"}],"predecessor-version":[{"id":57055,"href":"https:\/\/colimdo.org\/wp-api\/wp\/v2\/posts\/57053\/revisions\/57055"}],"wp:featuredmedia":[{"embeddable":true,"href":"https:\/\/colimdo.org\/wp-api\/wp\/v2\/media\/57054"}],"wp:attachment":[{"href":"https:\/\/colimdo.org\/wp-api\/wp\/v2\/media?parent=57053"}],"wp:term":[{"taxonomy":"category","embeddable":true,"href":"https:\/\/colimdo.org\/wp-api\/wp\/v2\/categories?post=57053"},{"taxonomy":"post_tag","embeddable":true,"href":"https:\/\/colimdo.org\/wp-api\/wp\/v2\/tags?post=57053"}],"curies":[{"name":"wp","href":"https:\/\/api.w.org\/{rel}","templated":true}]}}