{"id":57065,"date":"2019-07-03T00:29:14","date_gmt":"2019-07-03T00:29:14","guid":{"rendered":"https:\/\/colimdo.org\/?p=57065"},"modified":"2019-07-03T00:29:14","modified_gmt":"2019-07-03T00:29:14","slug":"disnansi-polanco-una-atleta-alto-conjuga-taekwondo-la-ingeniera-civil","status":"publish","type":"post","link":"https:\/\/colimdo.org\/noticias\/disnansi-polanco-una-atleta-alto-conjuga-taekwondo-la-ingeniera-civil\/","title":{"rendered":"Disnansi Polanco, una atleta de alto que conjuga el taekwondo y la ingeniera civil"},"content":{"rendered":"<p>EL NUEVO DIARIO, SANTO DOMINGO.- Para la atleta de taekwondo Disnansi Polanco el \u00e9xito ha sido un aliado durante el desarrollo de su carrera a nivel nacional e internacional.<\/p>\n<p>Polanco inici\u00f3 en el deporte a los once a\u00f1os y expresa que \u201ca veces uno piensa que est\u00e1n f\u00e1cil levantarse, uno pone mil excusas porque es mujer. En un deporte de agresividad, de combate y tomar la decisi\u00f3n de ejercer la disciplina como el taekwondo\u201d<\/p>\n<p>La atleta, ingeniera de profesi\u00f3n, pertenece\u00a0 a la selecci\u00f3n nacional de taekwondo por catorce a\u00f1os, siendo medallista de Juegos Centroamericanos y del Caribe, subcampeona en los Juegos Panamericanos y medalla de oro en los Juegos Bolivarianos, adem\u00e1s de quinto lugar en el mundial de esta disciplina.<\/p>\n<p>\u201cEs una experiencia muy grata combinar la educaci\u00f3n y el deporte\u201d, \u00a0dijo la graduada de la UASD, la cual ejerce con mucho orgullo, seg\u00fan expresa. \u201cSiempre hay que tomar decisiones, siempre aparecen personas que dan opiniones, pero todo es decisi\u00f3n\u201d, a\u00f1adi\u00f3.<\/p>\n<p>Expres\u00f3 que \u201cmi mayor satisfacci\u00f3n es la\u00a0 familia y una causa fue mi hermano menor\u201d.\u00a0 Enseguida a\u00f1adi\u00f3 \u201cmis padres me inscribieron en taekwondo para defensa personal, nunca pensaron que iba ser una atleta de alto rendimiento\u201d.<\/p>\n<p>Asimismo, dijo que en el deporte le ponen muchas limitaciones a las mujeres, donde usan expresiones como \u201d no vas a poder \u201c, acot\u00f3 Polanco. \u201cS\u00ed se puede representar a tu pa\u00eds en tierras ajenas y cantar el Himno Nacional, es un orgullo como dominicana \u201d<\/p>\n<p>Para Polanco, el taekwondo\u00a0 lo es todo. Esa disciplina le ense\u00f1\u00f3 a\u00a0 controlarse. Se\u00f1ala que era muy agresiva, pero que esto es como una misi\u00f3n, como un cuerpo militar. Pertenece a la armada militar.<\/p>\n<p>En el 2014, fue designada Atleta del A\u00f1o de Taekwondo. En la actualidad est\u00e1 colaborando en el Ministerio de Deportes y Recreaci\u00f3n, en el departamento de instalaciones deportivas.<\/p>\n<p>Frase de Disnansi: \u201cA veces para ser buen ganador debe ser buen perdedor y ser humilde\u201d.<\/p>\n","protected":false},"excerpt":{"rendered":"<p>La atleta, ingeniera de profesi\u00f3n, pertenece\u00a0 a la selecci\u00f3n nacional de taekwondo por 14 a\u00f1os, siendo medallista de Juegos Centroamericanos y del Caribe, subcampeona en los Juegos Panamericanos <\/p>\n","protected":false},"author":16,"featured_media":57066,"comment_status":"closed","ping_status":"closed","sticky":false,"template":"","format":"standard","meta":[],"categories":[2,60],"tags":[],"acf":[],"_links":{"self":[{"href":"https:\/\/colimdo.org\/wp-api\/wp\/v2\/posts\/57065"}],"collection":[{"href":"https:\/\/colimdo.org\/wp-api\/wp\/v2\/posts"}],"about":[{"href":"https:\/\/colimdo.org\/wp-api\/wp\/v2\/types\/post"}],"author":[{"embeddable":true,"href":"https:\/\/colimdo.org\/wp-api\/wp\/v2\/users\/16"}],"replies":[{"embeddable":true,"href":"https:\/\/colimdo.org\/wp-api\/wp\/v2\/comments?post=57065"}],"version-history":[{"count":1,"href":"https:\/\/colimdo.org\/wp-api\/wp\/v2\/posts\/57065\/revisions"}],"predecessor-version":[{"id":57067,"href":"https:\/\/colimdo.org\/wp-api\/wp\/v2\/posts\/57065\/revisions\/57067"}],"wp:featuredmedia":[{"embeddable":true,"href":"https:\/\/colimdo.org\/wp-api\/wp\/v2\/media\/57066"}],"wp:attachment":[{"href":"https:\/\/colimdo.org\/wp-api\/wp\/v2\/media?parent=57065"}],"wp:term":[{"taxonomy":"category","embeddable":true,"href":"https:\/\/colimdo.org\/wp-api\/wp\/v2\/categories?post=57065"},{"taxonomy":"post_tag","embeddable":true,"href":"https:\/\/colimdo.org\/wp-api\/wp\/v2\/tags?post=57065"}],"curies":[{"name":"wp","href":"https:\/\/api.w.org\/{rel}","templated":true}]}}