{"id":57068,"date":"2019-07-03T00:32:01","date_gmt":"2019-07-03T00:32:01","guid":{"rendered":"https:\/\/colimdo.org\/?p=57068"},"modified":"2019-07-03T00:32:01","modified_gmt":"2019-07-03T00:32:01","slug":"crismery-una-bendicion-la-abanderada-los-juegos-panamericanos","status":"publish","type":"post","link":"https:\/\/colimdo.org\/noticias\/crismery-una-bendicion-la-abanderada-los-juegos-panamericanos\/","title":{"rendered":"Crismery: \u201cEs una bendici\u00f3n ser la abanderada para los Juegos Panamericanos\u201d"},"content":{"rendered":"<p>EL NUEVO DIARIO, SANTO DOMINGO.- \u00a0Para la levantadora de pesas Crismery Santana el ser seleccionada como la abanderada de la\u00a0delegaci\u00f3n dominicana que asistir\u00e1 a los XVIII Juegos Panamericanos significa mucho.<\/p>\n<p>Los Juegos Panamericanos tendr\u00e1n lugar del 26 de julio al 11 de agosto en la ciudad de Lima, Per\u00fa.<\/p>\n<p>\u201cMe siento full muy emociona por la elecci\u00f3n\u201d, coment\u00f3 Santana v\u00eda telef\u00f3nica a este medio. \u201cLe agradezco a Dios por darme esa oportunidad y al Comit\u00e9 Ol\u00edmpico Dominicano por elegirme\u201d, a\u00f1adi\u00f3.<\/p>\n<p>Dijo que se sinti\u00f3 muy feliz cuando recibi\u00f3 la noticia. \u201cPara m\u00ed significa mucho, para otros no\u201d, agreg\u00f3 la nativo de San Pedro de Macor\u00eds, quien est\u00e1 ahora mismo en Jarabacoa, en una base de entrenamientos de cara a los Juegos Panamericanos.<\/p>\n<p>\u201cVoy a luchar por el oro en los Juegos Panamericanos. Esa es mi meta\u201d, sostuvo la pesista, que participar\u00e1 en los 90 kilogramos en la justa.<\/p>\n<p>Santana fue medallista dorada de los Juegos Centroamericanos y del Caribe de Barranquilla, Colombia, el pasado a\u00f1o, \u00a0y fue elegida a unanimidad en la sesi\u00f3n de trabajo del Comit\u00e9 Ejecutivo del Comit\u00e9 Ol\u00edmpico Dominicano (COD), celebrada este martes.<\/p>\n<p>En la reuni\u00f3n del Comit\u00e9 Ejecutivo participaron Luis Mej\u00eda Oviedo, Antonio Acosta, Rafael Uribe, Gilberto Garc\u00eda, Jos\u00e9 Luis Ram\u00edrez, Edwin Rodr\u00edguez, Dulce Mar\u00eda Pi\u00f1a, Nelson Ram\u00edrez, Rafael Villalona y Luis Elpidio Cumba.<\/p>\n<p>WILLIAM AISH \/ EDITOR DEPORTIVO EL NUEVO DIARIO<\/p>\n","protected":false},"excerpt":{"rendered":"<p>Para la levantadora de pesas Crismery Santana el ser seleccionada como la abanderada de la\u00a0delegaci\u00f3n dominicana que asistir\u00e1 a los XVIII Juegos Panamericanos significa mucho.<\/p>\n","protected":false},"author":16,"featured_media":57069,"comment_status":"closed","ping_status":"closed","sticky":false,"template":"","format":"standard","meta":[],"categories":[2,60],"tags":[],"acf":[],"_links":{"self":[{"href":"https:\/\/colimdo.org\/wp-api\/wp\/v2\/posts\/57068"}],"collection":[{"href":"https:\/\/colimdo.org\/wp-api\/wp\/v2\/posts"}],"about":[{"href":"https:\/\/colimdo.org\/wp-api\/wp\/v2\/types\/post"}],"author":[{"embeddable":true,"href":"https:\/\/colimdo.org\/wp-api\/wp\/v2\/users\/16"}],"replies":[{"embeddable":true,"href":"https:\/\/colimdo.org\/wp-api\/wp\/v2\/comments?post=57068"}],"version-history":[{"count":1,"href":"https:\/\/colimdo.org\/wp-api\/wp\/v2\/posts\/57068\/revisions"}],"predecessor-version":[{"id":57070,"href":"https:\/\/colimdo.org\/wp-api\/wp\/v2\/posts\/57068\/revisions\/57070"}],"wp:featuredmedia":[{"embeddable":true,"href":"https:\/\/colimdo.org\/wp-api\/wp\/v2\/media\/57069"}],"wp:attachment":[{"href":"https:\/\/colimdo.org\/wp-api\/wp\/v2\/media?parent=57068"}],"wp:term":[{"taxonomy":"category","embeddable":true,"href":"https:\/\/colimdo.org\/wp-api\/wp\/v2\/categories?post=57068"},{"taxonomy":"post_tag","embeddable":true,"href":"https:\/\/colimdo.org\/wp-api\/wp\/v2\/tags?post=57068"}],"curies":[{"name":"wp","href":"https:\/\/api.w.org\/{rel}","templated":true}]}}