{"id":57107,"date":"2019-07-03T22:30:23","date_gmt":"2019-07-03T22:30:23","guid":{"rendered":"https:\/\/colimdo.org\/?p=57107"},"modified":"2019-07-03T22:30:21","modified_gmt":"2019-07-03T22:30:21","slug":"suero-correa-chanlatte-presidiran-delegaciones-juegos-olimpicos-juegos-mundiales-playa","status":"publish","type":"post","link":"https:\/\/colimdo.org\/noticias\/suero-correa-chanlatte-presidiran-delegaciones-juegos-olimpicos-juegos-mundiales-playa\/","title":{"rendered":"Suero Correa y Chanlatte presidir\u00e1n delegaciones a Juegos Ol\u00edmpicos y Juegos Mundiales de Playa"},"content":{"rendered":"<p class=\"x_ydp8d2b115fMsoNormal\"><b><span lang=\"ES-DO\">SANTO DOMINGO.\u00a0<\/span><\/b><span lang=\"ES-DO\">El comit\u00e9 ejecutivo del Comit\u00e9 Ol\u00edmpico Dominicano (COD) design\u00f3 a Gerardo Suero Correa y a Luis Chanlatte como Jefes de las Delegaciones de Rep\u00fablica Dominicana que asistir\u00e1n a los Juegos Ol\u00edmpicos de Tokio y los Juegos Mundiales de Playa que se har\u00e1n en Qatar el pr\u00f3ximo a\u00f1o.<\/span><\/p>\n<p class=\"x_ydp8d2b115fMsoNormal\"><span lang=\"ES-DO\">Suero Correa, un ex atleta ol\u00edmpico y presidente de la Federaci\u00f3n Dominicana de Asociaciones de Atletismo, tambi\u00e9n es co-secretario general del COD, estar\u00e1 al frente de la delegaci\u00f3n que asistir\u00e1 el pr\u00f3ximo a\u00f1o a las olimp\u00edadas de Tokio, Jap\u00f3n, el pr\u00f3ximo a\u00f1o.<\/span><\/p>\n<p class=\"x_ydp8d2b115fMsoNormal\"><span lang=\"ES-DO\">Mientras que Chanlatte, segundo vicepresidente del COD y presidente de la Federaci\u00f3n Dominicana de Wushu, ha sido nombrado como Jefe de Misi\u00f3n de los Juegos Mundiales de Playa que se celebrar\u00e1n en Qatar del 12 al 16 de octubre pr\u00f3ximo.<\/span><\/p>\n<p class=\"x_ydp8d2b115fMsoNormal\"><span lang=\"ES-DO\">En una sesi\u00f3n celebrada el martes en la sede del COD, el pleno del comit\u00e9 ejecutivo del organismo ol\u00edmpico adem\u00e1s decidi\u00f3 iniciar un proceso de unificaci\u00f3n de las federaciones de softbol y b\u00e9isbol, as\u00ed como tambi\u00e9n las de tiro de precisi\u00f3n y la de tiro al plato, de com\u00fan acuerdo con las decisiones emanadas por las respectivas federaciones internacionales, las cuales fueron abordadas por el presidente del COD, Luis Mej\u00eda Oviedo, en el marco de la 134 sesi\u00f3n del Comit\u00e9 Ol\u00edmpico Internacional celebrada recientemente en Lausana, Suiza.<\/span><\/p>\n<p class=\"x_ydp8d2b115fMsoNormal\"><span lang=\"ES-DO\">Otra medida que tomaron los directivos del COD y que dieron a conocer es la separaci\u00f3n como federaciones de los deportes Remo y Canotaje, los cuales hasta la fecha est\u00e1n aglutinados en una sola federaci\u00f3n.<\/span><\/p>\n<p class=\"x_ydp8d2b115fMsoNormal\"><span lang=\"ES-DO\">El comit\u00e9 ejecutivo del COD tambi\u00e9n dio a conocer de la designaci\u00f3n de la\u00a0levantadora de pesas Crismery Santana como la abanderada de la\u00a0\u00a0delegaci\u00f3n dominicana que asistir\u00e1 a los XVIII Juegos Panamericanos que tendr\u00e1n lugar del 26 de julio al 11 de agosto en la ciudad de Lima, Per\u00fa.<\/span><\/p>\n<p class=\"x_ydp8d2b115fMsoNormal\"><span lang=\"ES-DO\">La medallista dorada de los Juegos Centroamericanos y del Caribe de Barranquilla, Colombia, el pasado a\u00f1o, fue elegida a unanimidad en la sesi\u00f3n de trabajo del Comit\u00e9 Ejecutivo del Comit\u00e9 Ol\u00edmpico Dominicano (COD), celebrada este martes.<\/span><\/p>\n<p class=\"x_ydp8d2b115fMsoNormal\"><span lang=\"ES-DO\">\u00a0Se anunci\u00f3 que el pr\u00f3ximo 14 de julio est\u00e1 prevista la fiesta de despedida de la delegaci\u00f3n, un acto que tendr\u00e1 lugar en las facilidades del Albergue Ol\u00edmpico.<\/span><\/p>\n<p class=\"x_ydp8d2b115fMsoNormal\"><span lang=\"ES-DO\">Una semana despu\u00e9s, el 21 de julio se efectuar\u00e1 una misa, a las 10:00 de la ma\u00f1ana, tambi\u00e9n en el Albergue Ol\u00edmpico.<\/span><\/p>\n<p class=\"x_ydp8d2b115fMsoNormal\"><span lang=\"ES-DO\">El abanderamiento no tiene fecha y se espera que Protocolo del Palacio Nacional fije el d\u00eda y la hora en que el presidente Danilo Medina, entregue la bandera a la delegaci\u00f3n.<\/span><\/p>\n<p class=\"x_ydp8d2b115fMsoNormal\"><span lang=\"ES-DO\">Rep\u00fablica Dominicana asistir\u00e1 a los XVIII Juegos Panamericanos con una delegaci\u00f3n de poco m\u00e1s de 200 atletas, aunque todav\u00eda restan varios deportes por agotar los eventos en busca de plaza para la cita deportiva continental.<\/span><\/p>\n<p class=\"x_ydp8d2b115fMsoNormal\"><span lang=\"ES-DO\">El Jefe de Misi\u00f3n es el ingeniero Garibaldy Bautista, quien adem\u00e1s es el presidente de la Federaci\u00f3n Dominicana de Softbol.<\/span><\/p>\n<p class=\"x_ydp8d2b115fMsoNormal\"><span lang=\"ES-DO\">\u00a0<\/span><\/p>\n","protected":false},"excerpt":{"rendered":"<p>Suero Correa, un ex atleta ol\u00edmpico y presidente de la Federaci\u00f3n Dominicana de Asociaciones de Atletismo, estar\u00e1 al frente de la delegaci\u00f3n que asistir\u00e1 el pr\u00f3ximo a\u00f1o a las olimp\u00edadas de Tokio, Jap\u00f3n, el pr\u00f3ximo a\u00f1o. Mientras que Chanlatte, segundo vicepresidente del COD y presidente de la Federaci\u00f3n Dominicana de Wushu, ha sido nombrado como Jefe de Misi\u00f3n de los Juegos Mundiales de Playa que se celebrar\u00e1n en Qatar del 12 al 16 de octubre pr\u00f3ximo.<\/p>\n","protected":false},"author":19,"featured_media":57108,"comment_status":"closed","ping_status":"closed","sticky":false,"template":"","format":"standard","meta":[],"categories":[2,60],"tags":[],"acf":[],"_links":{"self":[{"href":"https:\/\/colimdo.org\/wp-api\/wp\/v2\/posts\/57107"}],"collection":[{"href":"https:\/\/colimdo.org\/wp-api\/wp\/v2\/posts"}],"about":[{"href":"https:\/\/colimdo.org\/wp-api\/wp\/v2\/types\/post"}],"author":[{"embeddable":true,"href":"https:\/\/colimdo.org\/wp-api\/wp\/v2\/users\/19"}],"replies":[{"embeddable":true,"href":"https:\/\/colimdo.org\/wp-api\/wp\/v2\/comments?post=57107"}],"version-history":[{"count":1,"href":"https:\/\/colimdo.org\/wp-api\/wp\/v2\/posts\/57107\/revisions"}],"predecessor-version":[{"id":57109,"href":"https:\/\/colimdo.org\/wp-api\/wp\/v2\/posts\/57107\/revisions\/57109"}],"wp:featuredmedia":[{"embeddable":true,"href":"https:\/\/colimdo.org\/wp-api\/wp\/v2\/media\/57108"}],"wp:attachment":[{"href":"https:\/\/colimdo.org\/wp-api\/wp\/v2\/media?parent=57107"}],"wp:term":[{"taxonomy":"category","embeddable":true,"href":"https:\/\/colimdo.org\/wp-api\/wp\/v2\/categories?post=57107"},{"taxonomy":"post_tag","embeddable":true,"href":"https:\/\/colimdo.org\/wp-api\/wp\/v2\/tags?post=57107"}],"curies":[{"name":"wp","href":"https:\/\/api.w.org\/{rel}","templated":true}]}}