{"id":57116,"date":"2019-07-03T22:07:26","date_gmt":"2019-07-03T22:07:26","guid":{"rendered":"https:\/\/colimdo.org\/?p=57116"},"modified":"2019-07-03T22:07:26","modified_gmt":"2019-07-03T22:07:26","slug":"seleccion-u-20-rd-jugara-partido-amistoso-la-italia","status":"publish","type":"post","link":"https:\/\/colimdo.org\/noticias\/seleccion-u-20-rd-jugara-partido-amistoso-la-italia\/","title":{"rendered":"Selecci\u00f3n U-20 de RD jugar\u00e1 partido amistoso con la de Italia"},"content":{"rendered":"<p>SANTO DOMINGO. Las selecciones nacionales U20 campeonas del mundo, Rep\u00fablica Dominicana (2015) e Italia (2017) iniciar\u00e1n una serie amistosa este jueves 04 hasta al martes 09 de julio en las instalaciones del Pabell\u00f3n de Voleibol Ricardo Georiber Arias.<\/p>\n<p>Esa serie de partidos de exhibici\u00f3n se da como parte de la preparaci\u00f3n de ambas selecciones de cara al Mundial de Voleibol U20 FIVB, que ser\u00e1 celebrado en Aguascalientes, M\u00e9xico 2019.<\/p>\n<p>El evento contar\u00e1 con las promesas del voleibol nacional como Natalia Mart\u00ednez, Estephany Rabbit, Romina Cornelio, Madeline Guill\u00e9n, Geraldine Sthephany Gonz\u00e1lez, Hennesys Lalane, entre otras. De la selecci\u00f3n italiana, nos visitan las impresionantes jugadoras rankeadas en el n\u00famero 8 del mundo. Figuras dominicanas e italianas, que veremos en los m\u00e1s altos escenarios del voleibol mundial en el corto plazo.<\/p>\n<p>Cristobal Marte, Presidente de la Confederaci\u00f3n Norte, Centroamericana y del Caribe (NORCECA), consider\u00f3 como \u201cun enorme privilegio exhibir estos encuentros de manera asequible para el disfrute de toda la familia dominicana. Un evento con un gran nivel competitivo, las selecciones ranqueadas a nivel mundial de Rep\u00fablica Dominicana (9 del mundo) vs Italia (8 del mundo), un plato fuerte para los amantes del voleibol\u201d.<\/p>\n","protected":false},"excerpt":{"rendered":"<p>Esa serie de partidos de exhibici\u00f3n se da como parte de la preparaci\u00f3n de ambas selecciones de cara al Mundial de Voleibol U20 FIVB, que ser\u00e1 celebrado en Aguascalientes, M\u00e9xico 2019.<\/p>\n","protected":false},"author":16,"featured_media":57117,"comment_status":"closed","ping_status":"closed","sticky":false,"template":"","format":"standard","meta":[],"categories":[2,60],"tags":[],"acf":[],"_links":{"self":[{"href":"https:\/\/colimdo.org\/wp-api\/wp\/v2\/posts\/57116"}],"collection":[{"href":"https:\/\/colimdo.org\/wp-api\/wp\/v2\/posts"}],"about":[{"href":"https:\/\/colimdo.org\/wp-api\/wp\/v2\/types\/post"}],"author":[{"embeddable":true,"href":"https:\/\/colimdo.org\/wp-api\/wp\/v2\/users\/16"}],"replies":[{"embeddable":true,"href":"https:\/\/colimdo.org\/wp-api\/wp\/v2\/comments?post=57116"}],"version-history":[{"count":1,"href":"https:\/\/colimdo.org\/wp-api\/wp\/v2\/posts\/57116\/revisions"}],"predecessor-version":[{"id":57118,"href":"https:\/\/colimdo.org\/wp-api\/wp\/v2\/posts\/57116\/revisions\/57118"}],"wp:featuredmedia":[{"embeddable":true,"href":"https:\/\/colimdo.org\/wp-api\/wp\/v2\/media\/57117"}],"wp:attachment":[{"href":"https:\/\/colimdo.org\/wp-api\/wp\/v2\/media?parent=57116"}],"wp:term":[{"taxonomy":"category","embeddable":true,"href":"https:\/\/colimdo.org\/wp-api\/wp\/v2\/categories?post=57116"},{"taxonomy":"post_tag","embeddable":true,"href":"https:\/\/colimdo.org\/wp-api\/wp\/v2\/tags?post=57116"}],"curies":[{"name":"wp","href":"https:\/\/api.w.org\/{rel}","templated":true}]}}