{"id":57125,"date":"2019-07-03T22:28:13","date_gmt":"2019-07-03T22:28:13","guid":{"rendered":"https:\/\/colimdo.org\/?p=57125"},"modified":"2019-07-03T22:28:13","modified_gmt":"2019-07-03T22:28:13","slug":"mas-600-atletas-participaran-los-juegos-interbarriales-los-peralejos","status":"publish","type":"post","link":"https:\/\/colimdo.org\/noticias\/mas-600-atletas-participaran-los-juegos-interbarriales-los-peralejos\/","title":{"rendered":"M\u00e1s de 600 atletas participar\u00e1n en los Juegos Interbarriales de Los Peralejos"},"content":{"rendered":"<p>SANTO DOMINGO.- Con m\u00e1s de 600 atletas en varias disciplinas ser\u00e1n celebrados el d\u00eda 21 en Los Peralejos, los Juegos Deportivos Interbarriales, dedicados al precandidato a alcalde por la capital, Domingo Contreras.<\/p>\n<p>El presidente del Comit\u00e9 Organizador de la justa, Tom\u00e1s Acevedo, manifest\u00f3 que existe un entusiasmo desbordante entre todos los equipos que tomar\u00e1n parte, destacando que ser\u00e1 una fiesta que honrar\u00e1 la gran labor realizada por Contreras en favor de la juventud.<\/p>\n<p>\u201cDomingo Contreras ha sido un ejemplo vivo de entrega comunitaria, con un servicio de larga data a la juventud por medio al deporte, la salud y la cultura\u201d, resalt\u00f3 el periodista Acevedo.<\/p>\n<p>Contreras agradeci\u00f3 a los organizadores tan alta distinci\u00f3n y prometi\u00f3 que la capital ser\u00e1 un antes y despu\u00e9s, con la adopci\u00f3n de una pol\u00edtica como nunca se ha hecho para masificar el deporte, toda vez que lo defini\u00f3 como vital para mantener los pueblos saludables.<\/p>\n<p>Anunci\u00f3 que en su gesti\u00f3n edilicia pondr\u00e1 en marcha los Juegos Capitale\u00f1os por primera vez en la historia de la ciudad, como parte de una serie de iniciativas que \u201crevolucionar\u00e1n\u201d el deporte en la ciudad primada de Am\u00e9rica.<\/p>\n<p>En el marco del anuncio del certamen, fueron entregados los uniformes a los diferentes equipos en baloncesto, b\u00e9isbol, softbol y voleibol, a cargo del viceministro Soterio Ram\u00edrez y Carlos Mart\u00ednez, en representaci\u00f3n del Ministerio de Deportes \u2013MIDEREC-, como patrocinador, adem\u00e1s del apoyo que ofrece la Loter\u00eda Nacional.<\/p>\n<p>Ram\u00edrez ponder\u00f3 la gran significaci\u00f3n de la celebraci\u00f3n de la justa, resaltando que conoce la capacidad de Contreras en sus afanes de construir una ciudad con valores y desarrollo en todos los \u00f3rdenes, con el deporte como gran eje de sus ejecutorias.<\/p>\n<p>La actividad contar\u00e1 con los principales seis Puntos de Salud, uno de los programas que lleva a cabo la Direcci\u00f3n General de Programas Especiales de la Presidencia \u2013DIGEPEP-, instituci\u00f3n que dirige Contreras.<\/p>\n<p>En el acto tambi\u00e9n habl\u00f3 el profesor Jos\u00e9 Clase, director t\u00e9cnico del certamen. La actividad multidisciplinaria ser\u00e1 inaugurada en la Academia de B\u00e9isbol Los Robles.<\/p>\n<p>&nbsp;<\/p>\n","protected":false},"excerpt":{"rendered":"<p>El presidente del Comit\u00e9 Organizador de la justa, Tom\u00e1s Acevedo, manifest\u00f3 que existe un entusiasmo desbordante entre todos los equipos que tomar\u00e1n parte.<\/p>\n","protected":false},"author":16,"featured_media":57126,"comment_status":"closed","ping_status":"closed","sticky":false,"template":"","format":"standard","meta":[],"categories":[2,60],"tags":[],"acf":[],"_links":{"self":[{"href":"https:\/\/colimdo.org\/wp-api\/wp\/v2\/posts\/57125"}],"collection":[{"href":"https:\/\/colimdo.org\/wp-api\/wp\/v2\/posts"}],"about":[{"href":"https:\/\/colimdo.org\/wp-api\/wp\/v2\/types\/post"}],"author":[{"embeddable":true,"href":"https:\/\/colimdo.org\/wp-api\/wp\/v2\/users\/16"}],"replies":[{"embeddable":true,"href":"https:\/\/colimdo.org\/wp-api\/wp\/v2\/comments?post=57125"}],"version-history":[{"count":1,"href":"https:\/\/colimdo.org\/wp-api\/wp\/v2\/posts\/57125\/revisions"}],"predecessor-version":[{"id":57127,"href":"https:\/\/colimdo.org\/wp-api\/wp\/v2\/posts\/57125\/revisions\/57127"}],"wp:featuredmedia":[{"embeddable":true,"href":"https:\/\/colimdo.org\/wp-api\/wp\/v2\/media\/57126"}],"wp:attachment":[{"href":"https:\/\/colimdo.org\/wp-api\/wp\/v2\/media?parent=57125"}],"wp:term":[{"taxonomy":"category","embeddable":true,"href":"https:\/\/colimdo.org\/wp-api\/wp\/v2\/categories?post=57125"},{"taxonomy":"post_tag","embeddable":true,"href":"https:\/\/colimdo.org\/wp-api\/wp\/v2\/tags?post=57125"}],"curies":[{"name":"wp","href":"https:\/\/api.w.org\/{rel}","templated":true}]}}