{"id":57128,"date":"2019-07-04T00:01:08","date_gmt":"2019-07-04T00:01:08","guid":{"rendered":"https:\/\/colimdo.org\/?p=57128"},"modified":"2019-07-04T00:01:08","modified_gmt":"2019-07-04T00:01:08","slug":"asociacion-nacional-ligas-clubes-celebrara-la-gran-final-campeones","status":"publish","type":"post","link":"https:\/\/colimdo.org\/noticias\/asociacion-nacional-ligas-clubes-celebrara-la-gran-final-campeones\/","title":{"rendered":"Asociaci\u00f3n Nacional de Ligas y Clubes celebrar\u00e1 la Gran Final de Campeones"},"content":{"rendered":"<p>SANTO DOMINGO.- La Asociaci\u00f3n Nacional de Ligas y Clubes (ASONALICLU) anunci\u00f3 la celebraci\u00f3n de la Gran Final de Campeones Regionales, dentro del marco del Torneo Nacional de B\u00e9isbol Menor, teniendo como escenario el Centro Ol\u00edmpico Juan Pablo Duarte.<\/p>\n<p>El profesor Juan Valdez Mena, presidente de la entidad, adelanta que la justa tendr\u00e1 una especial dedicatoria al fenecido inmortal Eloy Rodr\u00edguez Lodeiro y al arquitecto Alejandro Mont\u00e1s. El mismo ser\u00e1 realizado desde el 23 al 28 del presente mes.<\/p>\n<p>Refiere que en esta Gran Final tendr\u00e1 la participaci\u00f3n de la liga Michel Buczek, integrada por ni\u00f1os hijos de dominicanos residentes en Estados Unidos.<\/p>\n<p>Mostr\u00f3 su complacencia por la dedicatoria del evento a dos personalidades como Lodeiro y Mont\u00e1s, que se han distinguido en la sociedad\u00a0\u00a0y han realizado grandes aportes a favor de la ni\u00f1ez y la juventud dominicana.<\/p>\n<p>\u201cEste evento como siempre ser\u00e1 la gran fiesta deportiva nacional de la ni\u00f1ez que juega b\u00e9isbol menor\u201d, declar\u00f3 Valdez Mena, quien dijo que todo est\u00e1 listo.<\/p>\n","protected":false},"excerpt":{"rendered":"<p>El profesor Juan Valdez Mena, presidente de la entidad, adelanta que la justa tendr\u00e1 una especial dedicatoria al fenecido inmortal Eloy Rodr\u00edguez Lodeiro y al arquitecto Alejandro Mont\u00e1s. El mismo ser\u00e1 realizado desde el 23 al 28 del presente mes.<\/p>\n","protected":false},"author":16,"featured_media":57129,"comment_status":"closed","ping_status":"closed","sticky":false,"template":"","format":"standard","meta":[],"categories":[2,60],"tags":[],"acf":[],"_links":{"self":[{"href":"https:\/\/colimdo.org\/wp-api\/wp\/v2\/posts\/57128"}],"collection":[{"href":"https:\/\/colimdo.org\/wp-api\/wp\/v2\/posts"}],"about":[{"href":"https:\/\/colimdo.org\/wp-api\/wp\/v2\/types\/post"}],"author":[{"embeddable":true,"href":"https:\/\/colimdo.org\/wp-api\/wp\/v2\/users\/16"}],"replies":[{"embeddable":true,"href":"https:\/\/colimdo.org\/wp-api\/wp\/v2\/comments?post=57128"}],"version-history":[{"count":1,"href":"https:\/\/colimdo.org\/wp-api\/wp\/v2\/posts\/57128\/revisions"}],"predecessor-version":[{"id":57130,"href":"https:\/\/colimdo.org\/wp-api\/wp\/v2\/posts\/57128\/revisions\/57130"}],"wp:featuredmedia":[{"embeddable":true,"href":"https:\/\/colimdo.org\/wp-api\/wp\/v2\/media\/57129"}],"wp:attachment":[{"href":"https:\/\/colimdo.org\/wp-api\/wp\/v2\/media?parent=57128"}],"wp:term":[{"taxonomy":"category","embeddable":true,"href":"https:\/\/colimdo.org\/wp-api\/wp\/v2\/categories?post=57128"},{"taxonomy":"post_tag","embeddable":true,"href":"https:\/\/colimdo.org\/wp-api\/wp\/v2\/tags?post=57128"}],"curies":[{"name":"wp","href":"https:\/\/api.w.org\/{rel}","templated":true}]}}