{"id":57173,"date":"2019-07-04T15:25:13","date_gmt":"2019-07-04T15:25:13","guid":{"rendered":"https:\/\/colimdo.org\/?p=57173"},"modified":"2019-07-04T15:25:13","modified_gmt":"2019-07-04T15:25:13","slug":"gran-premio-honda-enfrenta-al-venezolano-tomasello-dominicano-serraf","status":"publish","type":"post","link":"https:\/\/colimdo.org\/noticias\/gran-premio-honda-enfrenta-al-venezolano-tomasello-dominicano-serraf\/","title":{"rendered":"Gran premio Honda enfrenta al venezolano Tomasello con el dominicano Serraf"},"content":{"rendered":"<p>SANTO DOMINGO.-El Gran Premio Honda se correr\u00e1 el domingo en el Aut\u00f3dromo Petronan con pilotos de alto nivel competitivo y en donde el venezolano Mimmo Tomasello asegur\u00f3 que viene dispuesto a derrotar en buena lid al dominicano Manuel Sarraff en la convocatoria que ser\u00e1 el domingo. Se celebra la sexta d\u00e9cada de trayectoria de Honda en la Rep\u00fablica Dominicana.<\/p>\n<p>El brillante volante de Venezuela termin\u00f3 tercero en la primera carrera de la fecha inicial del campeonato 2019, mientras Sarraff, tuvo remontada hist\u00f3rica en la segunda, al salir desde la posici\u00f3n 16 y lograr llevarse la bandera a cuadros.<\/p>\n<p>Ejecutivos de Agencia Bella y del Aut\u00f3dromo Petronan, anunciaron la celebraci\u00f3n del Gran Premio Honda 2019.<\/p>\n<p>De su lado, Sarraff (Sarraff Racing Team), asegura: \u201cSi mi carro se comporta de la misma forma que lo hizo en la anterior fecha, no hay para nadie\u201d. Despu\u00e9s de conseguir un primer y quinto lugar en la primera fecha del a\u00f1o, Sarraff encabeza la puntuaci\u00f3n de la re\u00f1ida categor\u00eda ST con 31 puntos, seguido bien cerca por Tomasello 28, Ronny Su\u00e1rez 27 y Leo Guzm\u00e1n 23.<\/p>\n<p>Las categor\u00edas que se disputar\u00e1n son Turismo Nacional, Street Touring, Racing Sedan, Dominican touring series, Kia Cup y por primera vez la Categor\u00eda Iniciaci\u00f3n.<\/p>\n<p>En el anuncio de la actividad Maribel Bellapart<b>,<\/b>\u00a0vicepresidenta de Agencia Bella, distribuidor autorizado de Honda en el pa\u00eds, agradeci\u00f3 al p\u00fablico tanto su asistencia a esa actividad, como al respaldo brindado a la marca Automotriz que representa.<\/p>\n<p>De su lado el<b>\u00a0<\/b>George Herrera, presidente del Grupo Caremax, expres\u00f3 sentirse muy complacido en presentar a los amantes de la velocidad \u201cEl Gran Premio Honda\u201d y agradeci\u00f3 el apoyo brindado por los ejecutivos de Agencia Bella al automovilismo.<\/p>\n<p>En ese mismo orden, se refiri\u00f3 el gerente general del Aut\u00f3dromo, Marcos Pichardo, quien agradeci\u00f3 el respaldo y destac\u00f3 la gran trayectoria de los veh\u00edculos Honda desde el inicio del Automovilismo en el pa\u00eds. Anunci\u00f3 facilidades para el p\u00fablico que asista y a sus autos ya que los parqueos estar\u00e1n controlados por la compa\u00f1\u00eda Multipark y las boletas pueden adquirirlas desde ya en UEPA Tickets.<\/p>\n<p>Tambi\u00e9n habl\u00f3 Diego Campos, gerente de operaciones del Aut\u00f3dromo Petronan quien dijo sentirse contento con la celebraci\u00f3n del Gran Premio Honda, asegurando que todo est\u00e1 listo para ofrecer a los asistentes un gran evento. (aquilinorosario@yahoo.es).<\/p>\n<p>&nbsp;<\/p>\n<p>&nbsp;<\/p>\n","protected":false},"excerpt":{"rendered":"<p>El brillante volante de Venezuela termin\u00f3 tercero en la primera carrera de la fecha inicial del campeonato 2019, mientras Sarraff, tuvo remontada hist\u00f3rica en la segunda, al salir desde la posici\u00f3n 16 y lograr llevarse la bandera a cuadros.<\/p>\n","protected":false},"author":19,"featured_media":57174,"comment_status":"closed","ping_status":"closed","sticky":false,"template":"","format":"standard","meta":[],"categories":[2,60],"tags":[],"acf":[],"_links":{"self":[{"href":"https:\/\/colimdo.org\/wp-api\/wp\/v2\/posts\/57173"}],"collection":[{"href":"https:\/\/colimdo.org\/wp-api\/wp\/v2\/posts"}],"about":[{"href":"https:\/\/colimdo.org\/wp-api\/wp\/v2\/types\/post"}],"author":[{"embeddable":true,"href":"https:\/\/colimdo.org\/wp-api\/wp\/v2\/users\/19"}],"replies":[{"embeddable":true,"href":"https:\/\/colimdo.org\/wp-api\/wp\/v2\/comments?post=57173"}],"version-history":[{"count":1,"href":"https:\/\/colimdo.org\/wp-api\/wp\/v2\/posts\/57173\/revisions"}],"predecessor-version":[{"id":57175,"href":"https:\/\/colimdo.org\/wp-api\/wp\/v2\/posts\/57173\/revisions\/57175"}],"wp:featuredmedia":[{"embeddable":true,"href":"https:\/\/colimdo.org\/wp-api\/wp\/v2\/media\/57174"}],"wp:attachment":[{"href":"https:\/\/colimdo.org\/wp-api\/wp\/v2\/media?parent=57173"}],"wp:term":[{"taxonomy":"category","embeddable":true,"href":"https:\/\/colimdo.org\/wp-api\/wp\/v2\/categories?post=57173"},{"taxonomy":"post_tag","embeddable":true,"href":"https:\/\/colimdo.org\/wp-api\/wp\/v2\/tags?post=57173"}],"curies":[{"name":"wp","href":"https:\/\/api.w.org\/{rel}","templated":true}]}}