{"id":57210,"date":"2019-07-04T21:57:53","date_gmt":"2019-07-04T21:57:53","guid":{"rendered":"https:\/\/colimdo.org\/?p=57210"},"modified":"2019-07-04T21:57:53","modified_gmt":"2019-07-04T21:57:53","slug":"juramentan-nueva-directiva-asociacion-tenis-mesa-provincia-la-vega","status":"publish","type":"post","link":"https:\/\/colimdo.org\/noticias\/juramentan-nueva-directiva-asociacion-tenis-mesa-provincia-la-vega\/","title":{"rendered":"Juramentan nueva directiva Asociaci\u00f3n de Tenis de Mesa de provincia La Vega"},"content":{"rendered":"<p>LA VEGA.- El presidente de la Federaci\u00f3n Dominicana de Tenis de Mesa, licenciado Juan Vilas, jurament\u00f3 a la nueva directiva de la asaociaci\u00f3n de \u00e9sta provincia, durante un acto celebrado en el Club Dosa.<\/p>\n<p>Vilas, quien tambi\u00e9n es miembro del Bur\u00f3 Latinoamericano del Tenis de Mesa, posicion\u00f3 al comentarista deportivo Eduardo Concepci\u00f3n como presidente, quien, en su discurso, asumi\u00f3 la responsabilidad de encaminar a los ni\u00f1os del tenis de mesa por los mejores senderos del deporte. En la vicepresidencia estar\u00e1 el arquitecto Richard Fern\u00e1ndez.<\/p>\n<p>La se\u00f1ora Yelena Lora ser\u00e1 la tesorera y el licenciado Odalis Peralta fungira como secretario general. Luis Quliz y Fern\u00e1ndo Mart\u00ednez ser\u00e1n los vocales, mientras que como director t\u00e9cnico\u00a0 est\u00e1 el profesor Gabriel P\u00e9rez (Guelo).<\/p>\n<p>Concepci\u00f3n es en la actualidad director \u00a0de deportes de la Universidad Cat\u00f3lica T\u00e9cnologica\u00a0 del Cibao, que tiene su sede en esta ciudad, miembro distinguido de la Orden Salesiana donde form\u00f3 parte del Aspirantado. C\u00f3mo comentarista deportivo ha obtenido varios reconocimientos por el trabajo desplegado a favor de las diferentes disciplina deportivas.<\/p>\n<p>Entre sus metas, la nueva directiva del tenis de mesa local, pretende organizar torneos interclubes, escolares y regionales, as\u00ed campamentos en el verano.<\/p>\n<p>El tenis de mesa es un deporte que tiene incidencia de \u00e9sta ciudad, especialmente en la ni\u00f1ez. Varios atletas, entrenados por el t\u00e9cnico Gabriel P\u00e9rez, han formado parte delas pre-selecciones nacionales, siendo la m\u00e1s destacada la j\u00f3ven Quilsy D\u00edaz.<\/p>\n<p>&nbsp;<\/p>\n","protected":false},"excerpt":{"rendered":"<p>Vilas, quien tambi\u00e9n es miembro del Bur\u00f3 Latinoamericano del Tenis de Mesa, posicion\u00f3 al comentarista deportivo Eduardo Concepci\u00f3n como presidente, quien, en su discurso, asumi\u00f3 la responsabilidad de encaminar a los ni\u00f1os del tenis de mesa por los mejores senderos del deporte. En la vicepresidencia estar\u00e1 el arquitecto Richard Fern\u00e1ndez.<\/p>\n","protected":false},"author":16,"featured_media":57211,"comment_status":"closed","ping_status":"closed","sticky":false,"template":"","format":"standard","meta":[],"categories":[2,60],"tags":[],"acf":[],"_links":{"self":[{"href":"https:\/\/colimdo.org\/wp-api\/wp\/v2\/posts\/57210"}],"collection":[{"href":"https:\/\/colimdo.org\/wp-api\/wp\/v2\/posts"}],"about":[{"href":"https:\/\/colimdo.org\/wp-api\/wp\/v2\/types\/post"}],"author":[{"embeddable":true,"href":"https:\/\/colimdo.org\/wp-api\/wp\/v2\/users\/16"}],"replies":[{"embeddable":true,"href":"https:\/\/colimdo.org\/wp-api\/wp\/v2\/comments?post=57210"}],"version-history":[{"count":1,"href":"https:\/\/colimdo.org\/wp-api\/wp\/v2\/posts\/57210\/revisions"}],"predecessor-version":[{"id":57212,"href":"https:\/\/colimdo.org\/wp-api\/wp\/v2\/posts\/57210\/revisions\/57212"}],"wp:featuredmedia":[{"embeddable":true,"href":"https:\/\/colimdo.org\/wp-api\/wp\/v2\/media\/57211"}],"wp:attachment":[{"href":"https:\/\/colimdo.org\/wp-api\/wp\/v2\/media?parent=57210"}],"wp:term":[{"taxonomy":"category","embeddable":true,"href":"https:\/\/colimdo.org\/wp-api\/wp\/v2\/categories?post=57210"},{"taxonomy":"post_tag","embeddable":true,"href":"https:\/\/colimdo.org\/wp-api\/wp\/v2\/tags?post=57210"}],"curies":[{"name":"wp","href":"https:\/\/api.w.org\/{rel}","templated":true}]}}