{"id":57213,"date":"2019-07-04T22:02:58","date_gmt":"2019-07-04T22:02:58","guid":{"rendered":"https:\/\/colimdo.org\/?p=57213"},"modified":"2019-07-04T22:02:58","modified_gmt":"2019-07-04T22:02:58","slug":"anuncian-torneo-baloncesto-superior-constanza","status":"publish","type":"post","link":"https:\/\/colimdo.org\/noticias\/anuncian-torneo-baloncesto-superior-constanza\/","title":{"rendered":"Anuncian torneo de baloncesto superior de Constanza"},"content":{"rendered":"<p>CONSTANZA.-El XI torneo baloncesto superior de este municipio\u00a0 ser\u00e1 inaugurado el pr\u00f3ximo viernes con una dedicatoria al licenciado Jos\u00e9 Ram\u00f3n Peralta, Ministro de la Presidencia, en opci\u00f3n a la Copa Ayuntamiento Municipal.<\/p>\n<p>Detalles del evento fueron ofrecidos este lunes por los directivos de la Asociaci\u00f3n de Clubes de Baloncesto de Constanza (Asoclubaco), durante una rueda de prensa.<\/p>\n<p>Destacaron los dirigentes de asoclubaco\u00a0 la dedicatoria justa a Jos\u00e9 Ram\u00f3n Peralta. Durante el acto inaugurar tambi\u00e9n ser\u00e1 reconocido el destacado dirigente deportivo J\u00fanior Rafael Victoriano.<\/p>\n<p>En la justa se inform\u00f3 que participar\u00e1n\u00a0 los tradicionales conjuntos de los Mountros, Los Kings, Indetenibles y los Inocentes, quienes luchar\u00e1n por la Copa Ayuntamiento Municipal. Los partidos\u00a0 ser\u00e1n durante los fines de semanas en la cancha municipal.<\/p>\n","protected":false},"excerpt":{"rendered":"<p>Detalles del evento fueron ofrecidos este lunes por los directivos de la Asociaci\u00f3n de Clubes de Baloncesto de Constanza (Asoclubaco), durante una rueda de prensa.<\/p>\n","protected":false},"author":16,"featured_media":57214,"comment_status":"closed","ping_status":"closed","sticky":false,"template":"","format":"standard","meta":[],"categories":[2,60],"tags":[],"acf":[],"_links":{"self":[{"href":"https:\/\/colimdo.org\/wp-api\/wp\/v2\/posts\/57213"}],"collection":[{"href":"https:\/\/colimdo.org\/wp-api\/wp\/v2\/posts"}],"about":[{"href":"https:\/\/colimdo.org\/wp-api\/wp\/v2\/types\/post"}],"author":[{"embeddable":true,"href":"https:\/\/colimdo.org\/wp-api\/wp\/v2\/users\/16"}],"replies":[{"embeddable":true,"href":"https:\/\/colimdo.org\/wp-api\/wp\/v2\/comments?post=57213"}],"version-history":[{"count":1,"href":"https:\/\/colimdo.org\/wp-api\/wp\/v2\/posts\/57213\/revisions"}],"predecessor-version":[{"id":57215,"href":"https:\/\/colimdo.org\/wp-api\/wp\/v2\/posts\/57213\/revisions\/57215"}],"wp:featuredmedia":[{"embeddable":true,"href":"https:\/\/colimdo.org\/wp-api\/wp\/v2\/media\/57214"}],"wp:attachment":[{"href":"https:\/\/colimdo.org\/wp-api\/wp\/v2\/media?parent=57213"}],"wp:term":[{"taxonomy":"category","embeddable":true,"href":"https:\/\/colimdo.org\/wp-api\/wp\/v2\/categories?post=57213"},{"taxonomy":"post_tag","embeddable":true,"href":"https:\/\/colimdo.org\/wp-api\/wp\/v2\/tags?post=57213"}],"curies":[{"name":"wp","href":"https:\/\/api.w.org\/{rel}","templated":true}]}}