{"id":57219,"date":"2019-07-04T22:11:25","date_gmt":"2019-07-04T22:11:25","guid":{"rendered":"https:\/\/colimdo.org\/?p=57219"},"modified":"2019-07-04T22:11:25","modified_gmt":"2019-07-04T22:11:25","slug":"mejia-diaz-conversan-juegos-grandes-ligas-pais","status":"publish","type":"post","link":"https:\/\/colimdo.org\/noticias\/mejia-diaz-conversan-juegos-grandes-ligas-pais\/","title":{"rendered":"Mej\u00eda y D\u00edaz conversan sobre juegos de Grandes Ligas en el pa\u00eds"},"content":{"rendered":"<p>SANTO DOMINGO.- El presidente de la Liga de B\u00e9isbol Profesional de la Rep\u00fablica Dominicana (Lidom), Vitelio Mej\u00eda Ortiz y el ministro de Deportes y Recreaci\u00f3n (Miderec), Danilo D\u00edaz, sostuvieron un encuentro que forma parte del inicio de los trabajos de organizaci\u00f3n de partidos de exhibici\u00f3n con equipos de Grandes Ligas en Rep\u00fablica Dominicana, como ha adelantado la oficina de Major League Baseball (MLB) de Estados Unidos.<\/p>\n<p>D\u00edaz y Mej\u00eda se reunieron la tarde del mi\u00e9rcoles en el despacho del incumbente oficial del deporte y la visita del primero forma parte del proceso que ha iniciado Relaciones Internacionales de la Lidom para organizar partidos de entrenamientos en un estadio del pa\u00eds, como anunci\u00f3 recientemente el comisionado de las Mayores, Rob Mamfred.<\/p>\n<p>Mej\u00eda Ortiz reiter\u00f3 que tanto el ministro D\u00edaz, desde el inicio de su gesti\u00f3n en el Miderec, como \u00e9l al frente de la Liga, han manifestado el inter\u00e9s de que siendo la Rep\u00fablica Dominicana el segundo pa\u00eds en aportar peloteros a la MLB, tenga no solo partidos de pretemporada, sino tambi\u00e9n juegos oficiales y una pata del Cl\u00e1sico Mundial de B\u00e9isbol, que monta la Confederaci\u00f3n Mundial de B\u00e9isbol y Softbol, conjuntamente con la oficina de MLB.<\/p>\n<p>D\u00edaz Vizca\u00edno, de su lado, dijo que eso fue lo primero que expres\u00f3 cuando fue entrevistado en los Estados Unidos en ocasi\u00f3n de la celebraci\u00f3n del Cl\u00e1sico Mundial de 2017 y que \u00e9l pondr\u00e1 todo su empe\u00f1o como representante del deporte del Gobierno dominicano, para que este anuncio del Comisionado Rob Manfred se cristalice y que Rep\u00fablica Dominicana pueda disfrutar del mejor b\u00e9isbol del mundo, el que organiza la MLB.<\/p>\n<p>La reuni\u00f3n entre los dos ejecutivos dur\u00f3 unos 40 minutos y trataron otros puntos de inter\u00e9s, como la adecuaci\u00f3n del Estadio Quisqueya Juan Marichal o uno de los parques del pa\u00eds para la realizaci\u00f3n de dicho encuentro.<\/p>\n","protected":false},"excerpt":{"rendered":"<p>D\u00edaz y Mej\u00eda se reunieron la tarde del mi\u00e9rcoles en el despacho del incumbente oficial del deporte y la visita del primero forma parte del proceso que ha iniciado Relaciones Internacionales de la Lidom para organizar partidos de entrenamientos en un estadio del pa\u00eds, como anunci\u00f3 recientemente el comisionado de las Mayores, Rob Mamfred.<\/p>\n","protected":false},"author":16,"featured_media":57220,"comment_status":"closed","ping_status":"closed","sticky":false,"template":"","format":"standard","meta":[],"categories":[2,60],"tags":[],"acf":[],"_links":{"self":[{"href":"https:\/\/colimdo.org\/wp-api\/wp\/v2\/posts\/57219"}],"collection":[{"href":"https:\/\/colimdo.org\/wp-api\/wp\/v2\/posts"}],"about":[{"href":"https:\/\/colimdo.org\/wp-api\/wp\/v2\/types\/post"}],"author":[{"embeddable":true,"href":"https:\/\/colimdo.org\/wp-api\/wp\/v2\/users\/16"}],"replies":[{"embeddable":true,"href":"https:\/\/colimdo.org\/wp-api\/wp\/v2\/comments?post=57219"}],"version-history":[{"count":1,"href":"https:\/\/colimdo.org\/wp-api\/wp\/v2\/posts\/57219\/revisions"}],"predecessor-version":[{"id":57221,"href":"https:\/\/colimdo.org\/wp-api\/wp\/v2\/posts\/57219\/revisions\/57221"}],"wp:featuredmedia":[{"embeddable":true,"href":"https:\/\/colimdo.org\/wp-api\/wp\/v2\/media\/57220"}],"wp:attachment":[{"href":"https:\/\/colimdo.org\/wp-api\/wp\/v2\/media?parent=57219"}],"wp:term":[{"taxonomy":"category","embeddable":true,"href":"https:\/\/colimdo.org\/wp-api\/wp\/v2\/categories?post=57219"},{"taxonomy":"post_tag","embeddable":true,"href":"https:\/\/colimdo.org\/wp-api\/wp\/v2\/tags?post=57219"}],"curies":[{"name":"wp","href":"https:\/\/api.w.org\/{rel}","templated":true}]}}