{"id":57225,"date":"2019-07-04T23:38:37","date_gmt":"2019-07-04T23:38:37","guid":{"rendered":"https:\/\/colimdo.org\/?p=57225"},"modified":"2019-07-04T23:38:39","modified_gmt":"2019-07-04T23:38:39","slug":"chanlatte-cita-interes-del-dirigente-inicio-curso-administracion-deportiva","status":"publish","type":"post","link":"https:\/\/colimdo.org\/noticias\/chanlatte-cita-interes-del-dirigente-inicio-curso-administracion-deportiva\/","title":{"rendered":"Chanlatte cita inter\u00e9s del dirigente en inicio curso Administraci\u00f3n Deportiva"},"content":{"rendered":"<p class=\"x_ydp67f92ac5MsoNoSpacing\"><b><span lang=\"ES-DO\">SANTO DOMINGO<\/span><\/b><span lang=\"ES-DO\">. El licenciado Luis Chanlatte anunci\u00f3 que el seleccionado nacional de wushu tomar\u00e1 parte en el Campeonato de esa disciplina que se celebrar\u00e1 del 21 al 26 de agosto pr\u00f3ximo en La Paz, Bolivia.<\/span><\/p>\n<p class=\"x_ydp67f92ac5MsoNoSpacing\"><span lang=\"ES-DO\">Chanlatte, segundo vicepresidente del Comit\u00e9 Ol\u00edmpico Dominicano (COD) sirvi\u00f3 la informaci\u00f3n en el marco de la apertura este jueves del curso Administraci\u00f3n Deportiva a entrenadores y dirigentes de la Federaci\u00f3n Dominicana de Wushu.<\/span><\/p>\n<p class=\"x_ydp67f92ac5MsoNoSpacing\"><span lang=\"ES-DO\">El encuentro de capacitaci\u00f3n es auspiciado por el programa Solidaridad Ol\u00edmpica del COD y se lleva a cabo hasta este domingo en el sal\u00f3n La Pinta del hotel Dominican Fiesta.<\/span><\/p>\n<p class=\"x_ydp67f92ac5MsoNoSpacing\"><span lang=\"ES-DO\">\u201cSi tienen inter\u00e9s y le suman actitud tendr\u00e1n las herramientas para llegar al \u00e9xito\u201d, exhort\u00f3 Mej\u00eda a los participantes en el curso. \u201cEl curso de Administraci\u00f3n Deportiva tiene un gran contenido, inalcanzable, con expositores de primera l\u00ednea, aprov\u00e9chenlo\u201d, agreg\u00f3.<\/span><\/p>\n<p class=\"x_ydp67f92ac5MsoNoSpacing\"><span lang=\"ES-DO\">La ceremonia estuvo encabezada por Luis Mej\u00eda, presidente del COD; Gilberto Garc\u00eda, secretario general del organismo y director ejecutivo del programa Solidaridad Ol\u00edmpica, as\u00ed como Edwin Rodr\u00edguez, directivo de solidaridad, y Luis Elpidio Cumba, director de la Academia Ol\u00edmpica.<\/span><\/p>\n<p class=\"x_ydp67f92ac5MsoNoSpacing\"><span lang=\"ES-DO\">Mientras, el ingeniero Edwin Rodr\u00edguez enfatiz\u00f3 que el Programa Solidaridad Ol\u00edmpica est\u00e1 enfocado en ejecutar los programas de capacitaci\u00f3n en el deporte.<\/span><\/p>\n<p class=\"x_ydp67f92ac5MsoNoSpacing\"><span lang=\"ES-DO\">Chanlatte manifest\u00f3 que, el seleccionado estar\u00e1 integrado por 14 atletas, incluida una femenina y tres juveniles, los cuales participar\u00e1n por primera vez en este tipo de evento.<\/span><\/p>\n<p class=\"x_ydp67f92ac5MsoNoSpacing\"><span lang=\"ES-DO\">El tambi\u00e9n presidente de la Federaci\u00f3n Dominicana de Wushu (Fedowushu) resalt\u00f3 la integraci\u00f3n de los dirigentes y entrenadores de esta disciplina que acudieron masivamente para participar en el curso de Administraci\u00f3n Deportiva.<\/span><\/p>\n","protected":false},"excerpt":{"rendered":"<p>Chanlatte anuncia wushu ir\u00e1 a campeonato en inicio curso Administraci\u00f3n Deportiva.<\/p>\n","protected":false},"author":16,"featured_media":57226,"comment_status":"closed","ping_status":"closed","sticky":false,"template":"","format":"standard","meta":[],"categories":[2,60],"tags":[],"acf":[],"_links":{"self":[{"href":"https:\/\/colimdo.org\/wp-api\/wp\/v2\/posts\/57225"}],"collection":[{"href":"https:\/\/colimdo.org\/wp-api\/wp\/v2\/posts"}],"about":[{"href":"https:\/\/colimdo.org\/wp-api\/wp\/v2\/types\/post"}],"author":[{"embeddable":true,"href":"https:\/\/colimdo.org\/wp-api\/wp\/v2\/users\/16"}],"replies":[{"embeddable":true,"href":"https:\/\/colimdo.org\/wp-api\/wp\/v2\/comments?post=57225"}],"version-history":[{"count":1,"href":"https:\/\/colimdo.org\/wp-api\/wp\/v2\/posts\/57225\/revisions"}],"predecessor-version":[{"id":57227,"href":"https:\/\/colimdo.org\/wp-api\/wp\/v2\/posts\/57225\/revisions\/57227"}],"wp:featuredmedia":[{"embeddable":true,"href":"https:\/\/colimdo.org\/wp-api\/wp\/v2\/media\/57226"}],"wp:attachment":[{"href":"https:\/\/colimdo.org\/wp-api\/wp\/v2\/media?parent=57225"}],"wp:term":[{"taxonomy":"category","embeddable":true,"href":"https:\/\/colimdo.org\/wp-api\/wp\/v2\/categories?post=57225"},{"taxonomy":"post_tag","embeddable":true,"href":"https:\/\/colimdo.org\/wp-api\/wp\/v2\/tags?post=57225"}],"curies":[{"name":"wp","href":"https:\/\/api.w.org\/{rel}","templated":true}]}}