{"id":57250,"date":"2019-07-05T15:03:31","date_gmt":"2019-07-05T15:03:31","guid":{"rendered":"https:\/\/colimdo.org\/?p=57250"},"modified":"2019-07-05T15:03:31","modified_gmt":"2019-07-05T15:03:31","slug":"jochy-jochy-aportara-parte-artistica-gala-premiacion-excelencia-acedeista","status":"publish","type":"post","link":"https:\/\/colimdo.org\/noticias\/jochy-jochy-aportara-parte-artistica-gala-premiacion-excelencia-acedeista\/","title":{"rendered":"Jochy Jochy aportar\u00e1 parte art\u00edstica durante Gala de premiaci\u00f3n \u2018Excelencia Acede\u00edsta\u2019"},"content":{"rendered":"<p>EL NUEVO DIARIO, SANTO DOMINGO.- El destacado humorista Jochy Jochy, junto a Perla y el Grupo Giselle, tienen a su cargo la parte art\u00edstica, con la cual pondr\u00e1n a disfrutar a todos los asistentes, durante la tradicional Gala \u201cExcelencia Acede\u00edsta\u201d, cuya ceremonia ha sido programada para este martes 9 de julio, a partir de las 12:00 del mediod\u00eda, en el hotel Lina.<\/p>\n<p>La Gala de la Asociaci\u00f3n de Cronistas Deportivos de Santo Domingo (ACD), reconoce el trabajo que cada a\u00f1o realizan los comunicadores deportivos capitale\u00f1os, especializados en deportes.<\/p>\n<p>As\u00ed mismo, el periodista Ram\u00f3n Cuello, presidente de la ACD, resalt\u00f3 que la conducci\u00f3n de la ceremonia estar\u00e1 a cargo del reconocido locutor y cronista deportivo Carlos Alm\u00e1nzar.<\/p>\n<p>\u201cHemos trabajado arduamente para el montaje de esta gran ceremonia, cuya producci\u00f3n general ha sido obra del periodista Am\u00e9rico Celado y de Rosanna Polanco Charles\u201d, revel\u00f3 Cuello, quien tambi\u00e9n funge como supervisor general de la Gala.<\/p>\n<p>Explic\u00f3 que para optar por los m\u00e1ximos galardones, han sido nominados 15 destacados profesionales de la comunicaci\u00f3n deportiva<\/p>\n<p>Inform\u00f3 que los cronistas nominados son: Nathanael P\u00e9rez, H\u00e9ctor G\u00f3mez, Dionisio Soldevila, Yancen Pujols, Franklin Mirabal, H\u00e9ctor J. Cruz, Mart\u00edn Rodr\u00edguez, Ricardo Rodr\u00edguez Juan Carlos Santana, Freddy Tapia, Alex Rodr\u00edguez, V\u00edctor Calvo, Manolito Jim\u00e9nez, Adelaida Hern\u00e1ndez y William Aish, quienes se disputar\u00e1n los honores durante la gala, que reconocer\u00e1 el trabajo que realizaron durante 2018.<\/p>\n<p>\u201cDe estos quince profesionales se har\u00e1 una preselecci\u00f3n para reducir a 10 la cantidad, de cuyo grupo ser\u00e1n escogidos minutos antes los siete que ser\u00e1n galardonados como mejores cronistas del a\u00f1o pasado, y de esos siete el ganador a la excelencia del a\u00f1o.<\/p>\n<p>Reconocimientos<\/p>\n<p>Cuello tambi\u00e9n inform\u00f3 que la gala Cronista del A\u00f1o de la ACD tambi\u00e9n rendir\u00e1 un merecido homenaje mediante reconocimiento a los veteranos destacados profesionales del periodismo Miguel Franjul, director del List\u00edn Diario; Osvaldo Santana, director de El Caribe y Rolando Guante, \u00e9ste \u00faltimo destacado columnista y redactor del vespertino El Nacional.<\/p>\n<p>\u201cHemos hecho formal convocatoria a las principales autoridades deportivas y militares del pa\u00eds, encabezadas por el ministro de Deportes Danilo D\u00edaz; Luis Mej\u00eda, presidente del Comit\u00e9 Ol\u00edmpico Dominicano (COD); as\u00ed como a destacados empresarios y patrocinadores\u201d, expres\u00f3 Cuello por medio de un despacho de prensa.<\/p>\n","protected":false},"excerpt":{"rendered":"<p>La Gala de la Asociaci\u00f3n de Cronistas Deportivos de Santo Domingo (ACD), reconoce el trabajo que cada a\u00f1o realizan los comunicadores deportivos capitale\u00f1os, especializados en deportes.<\/p>\n","protected":false},"author":19,"featured_media":57251,"comment_status":"closed","ping_status":"closed","sticky":false,"template":"","format":"standard","meta":[],"categories":[2,60],"tags":[],"acf":[],"_links":{"self":[{"href":"https:\/\/colimdo.org\/wp-api\/wp\/v2\/posts\/57250"}],"collection":[{"href":"https:\/\/colimdo.org\/wp-api\/wp\/v2\/posts"}],"about":[{"href":"https:\/\/colimdo.org\/wp-api\/wp\/v2\/types\/post"}],"author":[{"embeddable":true,"href":"https:\/\/colimdo.org\/wp-api\/wp\/v2\/users\/19"}],"replies":[{"embeddable":true,"href":"https:\/\/colimdo.org\/wp-api\/wp\/v2\/comments?post=57250"}],"version-history":[{"count":1,"href":"https:\/\/colimdo.org\/wp-api\/wp\/v2\/posts\/57250\/revisions"}],"predecessor-version":[{"id":57252,"href":"https:\/\/colimdo.org\/wp-api\/wp\/v2\/posts\/57250\/revisions\/57252"}],"wp:featuredmedia":[{"embeddable":true,"href":"https:\/\/colimdo.org\/wp-api\/wp\/v2\/media\/57251"}],"wp:attachment":[{"href":"https:\/\/colimdo.org\/wp-api\/wp\/v2\/media?parent=57250"}],"wp:term":[{"taxonomy":"category","embeddable":true,"href":"https:\/\/colimdo.org\/wp-api\/wp\/v2\/categories?post=57250"},{"taxonomy":"post_tag","embeddable":true,"href":"https:\/\/colimdo.org\/wp-api\/wp\/v2\/tags?post=57250"}],"curies":[{"name":"wp","href":"https:\/\/api.w.org\/{rel}","templated":true}]}}