{"id":57259,"date":"2019-07-05T15:27:19","date_gmt":"2019-07-05T15:27:19","guid":{"rendered":"https:\/\/colimdo.org\/?p=57259"},"modified":"2019-07-05T15:35:36","modified_gmt":"2019-07-05T15:35:36","slug":"destacaran-jugadores-latinos-exposicion-salon-la-fama-cooperstown","status":"publish","type":"post","link":"https:\/\/colimdo.org\/noticias\/destacaran-jugadores-latinos-exposicion-salon-la-fama-cooperstown\/","title":{"rendered":"Destacan jugadores latinos en Exposici\u00f3n Sal\u00f3n de la Fama de Cooperstown"},"content":{"rendered":"<p>EL NUEVO DIARIO, SANTO DOMINGO. \u2013 La Embajada de los Estados Unidos en Santo Domingo, el Museo y Sal\u00f3n de la Fama del B\u00e9isbol de los Estados Unidos y el Centro Le\u00f3n anuncian la apertura de la exposici\u00f3n Baseball! \u00a1B\u00e9isbol!, para difundir la presencia y participaci\u00f3n de los jugadores latinoamericanos en las Grandes Ligas y promover la importancia del b\u00e9isbol como deporte nacional estadounidense y su impacto internacional.<\/p>\n<p>La inauguraci\u00f3n oficial de la exposici\u00f3n fue realizada en el Estadio Quisqueya el pasado 2 de julio, durante la celebraci\u00f3n del D\u00eda de la Independencia de los Estados Unidos. La misma est\u00e1 compuesta por 10 paneles m\u00f3viles que destacan las contribuciones de los jugadores latinos en la historia de las Grandes Ligas, siendo el b\u00e9isbol una pasi\u00f3n compartida entre los pa\u00edses latinoamericanos y los Estados Unidos, y que ha servido de puente para el fomento de las relaciones en la regi\u00f3n.<\/p>\n<p>En lo adelante la exhibici\u00f3n ser\u00e1 instalada en el Instituto Cultural Dom\u00ednico Americano y posteriormente en el centro comercial Galer\u00eda 360, hasta el pr\u00f3ximo mes de octubre, cuando a partir de la inauguraci\u00f3n del Torneo de la Liga Dominicana de B\u00e9isbol, la exposici\u00f3n viajar\u00e1 a los cinco estadios del pa\u00eds que albergan equipos de b\u00e9isbol profesional: Estadio Francisco Micheli, La Romana; Estadio Juli\u00e1n Javier, San Francisco de Macor\u00eds; Estadio Tetelo Vargas, San Pedro de Macor\u00eds y el Estadio Cibao en la ciudad de Santiago, para volver al Estadio Quisqueya Juan Marichal en Santo Domingo.<\/p>\n<p>El programa de actividades comprende adem\u00e1s la realizaci\u00f3n de foros con profesionales clave del b\u00e9isbol estadounidense y dominicano durante la permanencia en sus distintas sedes. La presentaci\u00f3n de la exposici\u00f3n en la Rep\u00fablica Dominicana es una iniciativa de la Embajada de los Estados Unidos en Santo Domingo, realizada y coordinada por el Centro Le\u00f3n, entidad cultural de la ciudad de Santiago de los Caballeros.<\/p>\n","protected":false},"excerpt":{"rendered":"<p>La presentaci\u00f3n de la exposici\u00f3n en la Rep\u00fablica Dominicana es una iniciativa de la Embajada de los Estados Unidos en Santo Domingo, realizada y coordinada por el Centro Le\u00f3n.<\/p>\n","protected":false},"author":19,"featured_media":57260,"comment_status":"closed","ping_status":"closed","sticky":false,"template":"","format":"standard","meta":[],"categories":[2,60],"tags":[],"acf":[],"_links":{"self":[{"href":"https:\/\/colimdo.org\/wp-api\/wp\/v2\/posts\/57259"}],"collection":[{"href":"https:\/\/colimdo.org\/wp-api\/wp\/v2\/posts"}],"about":[{"href":"https:\/\/colimdo.org\/wp-api\/wp\/v2\/types\/post"}],"author":[{"embeddable":true,"href":"https:\/\/colimdo.org\/wp-api\/wp\/v2\/users\/19"}],"replies":[{"embeddable":true,"href":"https:\/\/colimdo.org\/wp-api\/wp\/v2\/comments?post=57259"}],"version-history":[{"count":2,"href":"https:\/\/colimdo.org\/wp-api\/wp\/v2\/posts\/57259\/revisions"}],"predecessor-version":[{"id":57267,"href":"https:\/\/colimdo.org\/wp-api\/wp\/v2\/posts\/57259\/revisions\/57267"}],"wp:featuredmedia":[{"embeddable":true,"href":"https:\/\/colimdo.org\/wp-api\/wp\/v2\/media\/57260"}],"wp:attachment":[{"href":"https:\/\/colimdo.org\/wp-api\/wp\/v2\/media?parent=57259"}],"wp:term":[{"taxonomy":"category","embeddable":true,"href":"https:\/\/colimdo.org\/wp-api\/wp\/v2\/categories?post=57259"},{"taxonomy":"post_tag","embeddable":true,"href":"https:\/\/colimdo.org\/wp-api\/wp\/v2\/tags?post=57259"}],"curies":[{"name":"wp","href":"https:\/\/api.w.org\/{rel}","templated":true}]}}