{"id":57263,"date":"2019-07-05T15:34:03","date_gmt":"2019-07-05T15:34:03","guid":{"rendered":"https:\/\/colimdo.org\/?p=57263"},"modified":"2019-07-05T15:34:03","modified_gmt":"2019-07-05T15:34:03","slug":"club-ozoria-celebra-edicion-43-del-torneo-vacacional-boca-chica","status":"publish","type":"post","link":"https:\/\/colimdo.org\/noticias\/club-ozoria-celebra-edicion-43-del-torneo-vacacional-boca-chica\/","title":{"rendered":"Club Ozoria celebra edici\u00f3n 43 del Torneo Vacacional en Boca Chica"},"content":{"rendered":"<p>EL NUEVO DIARIO, SANTO DOMINGO.- El Club Deportivo Juan Alberto Ozoria, celebr\u00f3 la edici\u00f3n 43 de su torneo de b\u00e9isbol n\u00famero con la participaci\u00f3n de 28 equipos en el municipio de Boca Chica.<\/p>\n<p>El evento de inauguraci\u00f3n cont\u00f3 con la presencia de las principales autoridades del municipio, entre los que se destacan el alcalde Municipal Radhames Castro y representantes de los cuerpos castrenses.<\/p>\n<p>El torneo tiene especial dedicatoria a Jaime Ozoria, ex pelotero profesional y al empresario Oswaldo Cruz G\u00f3mez.<\/p>\n<p>Los 28 equipos est\u00e1n diseminados en seis categor\u00edas: \u201cPampers\u201d, de cinco y seis a\u00f1os; \u201cPeriquito\u201d, siete y ocho a\u00f1os; \u201cInfantiles\u201d, \u00a09 y 10 a\u00f1os; \u201cPeque\u00f1as Ligas\u201d, 11 y 12 a\u00f1os y \u201cSinior\u201d, 13 y 14 a\u00f1os.<\/p>\n<p>Tambi\u00e9n se juega la categor\u00eda \u201cJuvenil\u201d, donde participan futuras estrellas con edades de 15 a\u00f1os en adelante y que practican en programas de desarrollo.<\/p>\n<p>La justa deportiva es dirigida por Pedro Rafael Guzm\u00e1n (Ni\u00f1o), presidente del Club Ozoria, quien agradeci\u00f3 al apoyo que ha recibido de parte de los padres y los amigos para que esta actividad de j\u00f3venes pueda ser exitosa.<\/p>\n<p>Los \u201cBocachiquenses\u201d disfrutan del torneo vacacional que dura dos meses.<\/p>\n","protected":false},"excerpt":{"rendered":"<p>El evento de inauguraci\u00f3n cont\u00f3 con la presencia de las principales autoridades del municipio, entre los que se destacan el alcalde Municipal Radhames Castro y representantes de los cuerpos castrenses.<\/p>\n","protected":false},"author":19,"featured_media":57264,"comment_status":"closed","ping_status":"closed","sticky":false,"template":"","format":"standard","meta":[],"categories":[2,60],"tags":[],"acf":[],"_links":{"self":[{"href":"https:\/\/colimdo.org\/wp-api\/wp\/v2\/posts\/57263"}],"collection":[{"href":"https:\/\/colimdo.org\/wp-api\/wp\/v2\/posts"}],"about":[{"href":"https:\/\/colimdo.org\/wp-api\/wp\/v2\/types\/post"}],"author":[{"embeddable":true,"href":"https:\/\/colimdo.org\/wp-api\/wp\/v2\/users\/19"}],"replies":[{"embeddable":true,"href":"https:\/\/colimdo.org\/wp-api\/wp\/v2\/comments?post=57263"}],"version-history":[{"count":2,"href":"https:\/\/colimdo.org\/wp-api\/wp\/v2\/posts\/57263\/revisions"}],"predecessor-version":[{"id":57266,"href":"https:\/\/colimdo.org\/wp-api\/wp\/v2\/posts\/57263\/revisions\/57266"}],"wp:featuredmedia":[{"embeddable":true,"href":"https:\/\/colimdo.org\/wp-api\/wp\/v2\/media\/57264"}],"wp:attachment":[{"href":"https:\/\/colimdo.org\/wp-api\/wp\/v2\/media?parent=57263"}],"wp:term":[{"taxonomy":"category","embeddable":true,"href":"https:\/\/colimdo.org\/wp-api\/wp\/v2\/categories?post=57263"},{"taxonomy":"post_tag","embeddable":true,"href":"https:\/\/colimdo.org\/wp-api\/wp\/v2\/tags?post=57263"}],"curies":[{"name":"wp","href":"https:\/\/api.w.org\/{rel}","templated":true}]}}