{"id":57275,"date":"2019-07-05T17:37:28","date_gmt":"2019-07-05T17:37:28","guid":{"rendered":"https:\/\/colimdo.org\/?p=57275"},"modified":"2019-07-05T17:37:28","modified_gmt":"2019-07-05T17:37:28","slug":"gilberto-garcia-destaca-la-importancia-la-gestion-administrativa-deporte","status":"publish","type":"post","link":"https:\/\/colimdo.org\/noticias\/gilberto-garcia-destaca-la-importancia-la-gestion-administrativa-deporte\/","title":{"rendered":"Gilberto Garc\u00eda destaca la importancia de la gesti\u00f3n administrativa en el deporte"},"content":{"rendered":"<p>SANTO DOMINGO, HANLY RAM\u00cdREZ.- Para Gilberto Garc\u00eda, secretario general del Comit\u00e9 Ol\u00edmpico Dominicano (COD) y presidente de la Federaci\u00f3n Dominicana de Judo (Fedojudo), la formaci\u00f3n administrativa de los dirigentes deportivos es vital para el desarrollo del deporte en la Rep\u00fablica Dominicana.<\/p>\n<p>\u201cSi no tenemos dirigentes preparados, no podremos lograr los objetivos, ni podremos tener un buen producto, que es la gesti\u00f3n administrativa en el deporte. Si no nos preparamos el deporte estar\u00e1 en el suelo\u201d, dijo Garc\u00eda tras recibir un certificado de la Universidad de Lleida que le otorga t\u00edtulo de Master Propio en Ejecutivo en Gesti\u00f3n de las Organizaciones Deportivas en el marco del curso de Administraci\u00f3n Deportiva a entrenadores y dirigentes de la Federaci\u00f3n Dominicana de Wushu.<\/p>\n<p>Estamos muy contentos de esto y con la determinaci\u00f3n de sumar a los dem\u00e1s a que continuemos trabajando para que nuestro deporte tenga dirigentes preparados, con nivel para enfrentar los nuevos tiempos\u201d, expres\u00f3 Garc\u00eda, quien se\u00f1al\u00f3 que \u201cel objetivo nuestro es servir al deporte, dar nuestro conocimiento en favor del deporte para que cada d\u00eda contin\u00fae su crecimiento\u201d.<\/p>\n<p>El dirigente federado puntualiz\u00f3 que el tema de gesti\u00f3n administrativa en el deporte es vital para favorecer y mejorar el manejo de los recursos que reciben las federaciones para el desarrollo del deporte.<\/p>\n<p>En el master Garc\u00eda present\u00f3 un protocolo de gesti\u00f3n financiera de las federaciones deportivas de la Rep\u00fablica Dominicana, en el mismo se tratan las debilidades de las federaciones relacionadas con la forma de c\u00f3mo manejar los recursos, la transparencia y la forma de control.<\/p>\n<p>\u201cEste proyecto, pensado para hacer una mejor\u00eda de la transparencia, en su momento ser\u00e1 presentado como parte de la agenda 2020 del Comit\u00e9 Ol\u00edmpico Dominicano\u201d, adelant\u00f3 Garc\u00eda.<\/p>\n","protected":false},"excerpt":{"rendered":"<p> Para Gilberto Garc\u00eda, secretario general del Comit\u00e9 Ol\u00edmpico Dominicano (COD) y presidente de la Federaci\u00f3n Dominicana de Judo (Fedojudo), la formaci\u00f3n administrativa de los dirigentes deportivos es vital para el desarrollo del deporte en la Rep\u00fablica Dominicana.<\/p>\n","protected":false},"author":19,"featured_media":57276,"comment_status":"closed","ping_status":"closed","sticky":false,"template":"","format":"standard","meta":[],"categories":[2,60],"tags":[],"acf":[],"_links":{"self":[{"href":"https:\/\/colimdo.org\/wp-api\/wp\/v2\/posts\/57275"}],"collection":[{"href":"https:\/\/colimdo.org\/wp-api\/wp\/v2\/posts"}],"about":[{"href":"https:\/\/colimdo.org\/wp-api\/wp\/v2\/types\/post"}],"author":[{"embeddable":true,"href":"https:\/\/colimdo.org\/wp-api\/wp\/v2\/users\/19"}],"replies":[{"embeddable":true,"href":"https:\/\/colimdo.org\/wp-api\/wp\/v2\/comments?post=57275"}],"version-history":[{"count":1,"href":"https:\/\/colimdo.org\/wp-api\/wp\/v2\/posts\/57275\/revisions"}],"predecessor-version":[{"id":57277,"href":"https:\/\/colimdo.org\/wp-api\/wp\/v2\/posts\/57275\/revisions\/57277"}],"wp:featuredmedia":[{"embeddable":true,"href":"https:\/\/colimdo.org\/wp-api\/wp\/v2\/media\/57276"}],"wp:attachment":[{"href":"https:\/\/colimdo.org\/wp-api\/wp\/v2\/media?parent=57275"}],"wp:term":[{"taxonomy":"category","embeddable":true,"href":"https:\/\/colimdo.org\/wp-api\/wp\/v2\/categories?post=57275"},{"taxonomy":"post_tag","embeddable":true,"href":"https:\/\/colimdo.org\/wp-api\/wp\/v2\/tags?post=57275"}],"curies":[{"name":"wp","href":"https:\/\/api.w.org\/{rel}","templated":true}]}}