{"id":57278,"date":"2019-07-05T17:42:59","date_gmt":"2019-07-05T17:42:59","guid":{"rendered":"https:\/\/colimdo.org\/?p=57278"},"modified":"2019-07-05T17:42:59","modified_gmt":"2019-07-05T17:42:59","slug":"gimnastas-agotan-base-entrenamiento-francia-panam-lima","status":"publish","type":"post","link":"https:\/\/colimdo.org\/noticias\/gimnastas-agotan-base-entrenamiento-francia-panam-lima\/","title":{"rendered":"Gimnastas agotan base entrenamiento en Francia para Panam Lima"},"content":{"rendered":"<p>SANTO DOMINGO. La delegaci\u00f3n de gimnasia que representar\u00e1 al pa\u00eds en los Juegos Panamericanos de Lima, Per\u00fa, agota una base de preparaci\u00f3n en el Centro de Alto Rendimiento (INSEP) en Par\u00eds, Francia.<\/p>\n<p>La representaci\u00f3n quisqueyana, integrada por los atletas Yamilet Pe\u00f1a, Audrys Nin Reyes y Alondra Echevarria partieron el pasado 24 de junio.<\/p>\n<p>Adem\u00e1s de los gimnastas, la delegaci\u00f3n est\u00e1 conformada por los entrenadores Yoandri Tamayo y Ram\u00f3n Amaury Holgu\u00edn, as\u00ed como el fisioterapeuta Marvin Zamora.<\/p>\n<p>\u201cEstamos enfocados en la preparaci\u00f3n de estos atletas que participar\u00e1n en los Juegos Panamericanos de Lima, donde esperamos una digna actuaci\u00f3n de nuestros gimnastas\u201d, manifest\u00f3 el ingeniero Edwin Rodr\u00edguez, presidente de la Federaci\u00f3n Dominicana de Gimnasia (Fedogim).<\/p>\n<p><span lang=\"ES-DO\">Los gimnastas estar\u00e1n agotando la base de preparaci\u00f3n hasta el 13 de este mes. La participaci\u00f3n en la base de entrenamiento es posible a los fondos destinados para los Juegos Panamericanos de Lima 2019, los cuales se celebrar\u00e1n del 26 de este mes al 11 de agosto pr\u00f3ximo.<\/span><\/p>\n<p>El torneo de gimnasia de los Juegos Panamericanos est\u00e1 previsto para celebrarse del 27 al 31 de julio en el Polideportivo Villa El Salvador.<\/p>\n","protected":false},"excerpt":{"rendered":"<p>Los gimnastas estar\u00e1n agotando la base de preparaci\u00f3n hasta el 13 de este mes. La participaci\u00f3n en la base de entrenamiento es posible a los fondos destinados para los Juegos Panamericanos de Lima 2019, los cuales se celebrar\u00e1n del 26 de este mes al 11 de agosto pr\u00f3ximo.<\/p>\n","protected":false},"author":19,"featured_media":57279,"comment_status":"closed","ping_status":"closed","sticky":false,"template":"","format":"standard","meta":[],"categories":[2,60],"tags":[],"acf":[],"_links":{"self":[{"href":"https:\/\/colimdo.org\/wp-api\/wp\/v2\/posts\/57278"}],"collection":[{"href":"https:\/\/colimdo.org\/wp-api\/wp\/v2\/posts"}],"about":[{"href":"https:\/\/colimdo.org\/wp-api\/wp\/v2\/types\/post"}],"author":[{"embeddable":true,"href":"https:\/\/colimdo.org\/wp-api\/wp\/v2\/users\/19"}],"replies":[{"embeddable":true,"href":"https:\/\/colimdo.org\/wp-api\/wp\/v2\/comments?post=57278"}],"version-history":[{"count":1,"href":"https:\/\/colimdo.org\/wp-api\/wp\/v2\/posts\/57278\/revisions"}],"predecessor-version":[{"id":57280,"href":"https:\/\/colimdo.org\/wp-api\/wp\/v2\/posts\/57278\/revisions\/57280"}],"wp:featuredmedia":[{"embeddable":true,"href":"https:\/\/colimdo.org\/wp-api\/wp\/v2\/media\/57279"}],"wp:attachment":[{"href":"https:\/\/colimdo.org\/wp-api\/wp\/v2\/media?parent=57278"}],"wp:term":[{"taxonomy":"category","embeddable":true,"href":"https:\/\/colimdo.org\/wp-api\/wp\/v2\/categories?post=57278"},{"taxonomy":"post_tag","embeddable":true,"href":"https:\/\/colimdo.org\/wp-api\/wp\/v2\/tags?post=57278"}],"curies":[{"name":"wp","href":"https:\/\/api.w.org\/{rel}","templated":true}]}}