{"id":57287,"date":"2019-07-05T21:12:21","date_gmt":"2019-07-05T21:12:21","guid":{"rendered":"https:\/\/colimdo.org\/?p=57287"},"modified":"2019-07-05T21:12:21","modified_gmt":"2019-07-05T21:12:21","slug":"anuncian-comite-organizador-torneo-baloncesto-superior-mao","status":"publish","type":"post","link":"https:\/\/colimdo.org\/noticias\/anuncian-comite-organizador-torneo-baloncesto-superior-mao\/","title":{"rendered":"Anuncian Comit\u00e9 Organizador de Torneo de Baloncesto Superior de Mao"},"content":{"rendered":"<p class=\"x_MsoNormal\">SANTO DOMINGO. La diputada \u00c1ngela Pozo asumi\u00f3 el reto de presidir el Comit\u00e9 Organizador del XII Torneo de Baloncesto Superior de la provincia Valverde (Mao), el cual tiene una especial dedicatoria al presidente de la Rep\u00fablica Danilo Medina y en opci\u00f3n a la Copa Ministerio de Turismo.<\/p>\n<p class=\"x_MsoNormal\">La legisladora acept\u00f3 con humildad encabezar el Comit\u00e9 Organizador del certamen luego de la propuesta realizada por la directiva de la Asociaci\u00f3n de Baloncesto de Valverde, que preside el veterano dirigente deportivo Ariel Guzm\u00e1n.<\/p>\n<p class=\"x_MsoNormal\">El propio Guzm\u00e1n fue quien dio la informaci\u00f3n sobre la designaci\u00f3n de la diputada Pozo, una aspirante a la nominaci\u00f3n por la Senadur\u00eda de Valverde.<\/p>\n<p class=\"x_MsoNormal\">Dijo que Pozo fue juramentada recientemente como presidenta del Comit\u00e9 Organizador,\u00a0 en un acto realizado en La Home Drinking Club, y desde ya inici\u00f3 los trabajos del montaje de la justa que atrae a cientos de seguidores del baloncesto superior mae\u00f1o.<\/p>\n<p class=\"x_MsoNormal\">Destac\u00f3 que el evento tiene como fecha programada de inicio el viernes 19 de julio, a las 7:00 de la noche, en el polideportivo Mao \u201997.<\/p>\n<p class=\"x_MsoNormal\">Junto a Pozo estar\u00e1 en el Comit\u00e9 Organizador\u00a0 Jos\u00e9 Eduardo N\u00fa\u00f1ez, director regional del Ministerio de Turismo, quien fungir\u00e1 como vicepresidente.<\/p>\n<p class=\"x_MsoNormal\">Pozo, Guzm\u00e1n, como presidente de la Asociaci\u00f3n de Baloncesto, y N\u00fa\u00f1ez, estar\u00e1n acompa\u00f1ados de los representantes de los clubes: Amauris Torres, del\u00a0 San Antonio; Michel F\u00e9liz, del Hatico; Manuel Morel, de Tresi; y Braulio Pe\u00f1a,\u00a0 de equipo los Crers.<\/p>\n<p class=\"x_MsoNormal\">Guzm\u00e1n valor\u00f3 la participaci\u00f3n de los equipos de\u00a0 San Antonio (vigente campe\u00f3n), Hatico, Crers y Tresi, los cuales han\u00a0 estructurado\u00a0 escuadras competitivas.<\/p>\n<p class=\"x_MsoNormal\"><b>Gala\u00a0 y comedores<\/b><\/p>\n<p class=\"x_MsoNormal\">La legisladora \u00c1ngela Pozo inform\u00f3 que el evento tendr\u00e1 su gala de apertura el lunes 15 de este mes, a las 7:30 de la noche, en el sal\u00f3n principal del Hotel Novus Caoba, del municipio de Mao.<\/p>\n<p class=\"x_MsoNormal\">Adem\u00e1s, anunci\u00f3 que los domingos desde las 11:00 de la ma\u00f1ana, en el doble cartel, habr\u00e1 almuerzo a 25 pesos de parte de los Comedores Econ\u00f3micos del Estado.<\/p>\n<p class=\"x_MsoNormal\"><b>Juegos\u00a0 apertura<\/b><\/p>\n<p class=\"x_MsoNormal\">La jornada inaugural tendr\u00e1 una doble jornada. Desde las 7:00 de la noche jugar\u00e1n Hatico ante Crers, y a\u00a0 segunda hora, Tresi contra San Antonio.<\/p>\n","protected":false},"excerpt":{"rendered":"<p>La justa superior de baloncesto iniciar\u00e1 el pr\u00f3ximo 19 del presente mes.<\/p>\n","protected":false},"author":16,"featured_media":57288,"comment_status":"closed","ping_status":"closed","sticky":false,"template":"","format":"standard","meta":[],"categories":[2,60],"tags":[],"acf":[],"_links":{"self":[{"href":"https:\/\/colimdo.org\/wp-api\/wp\/v2\/posts\/57287"}],"collection":[{"href":"https:\/\/colimdo.org\/wp-api\/wp\/v2\/posts"}],"about":[{"href":"https:\/\/colimdo.org\/wp-api\/wp\/v2\/types\/post"}],"author":[{"embeddable":true,"href":"https:\/\/colimdo.org\/wp-api\/wp\/v2\/users\/16"}],"replies":[{"embeddable":true,"href":"https:\/\/colimdo.org\/wp-api\/wp\/v2\/comments?post=57287"}],"version-history":[{"count":1,"href":"https:\/\/colimdo.org\/wp-api\/wp\/v2\/posts\/57287\/revisions"}],"predecessor-version":[{"id":57289,"href":"https:\/\/colimdo.org\/wp-api\/wp\/v2\/posts\/57287\/revisions\/57289"}],"wp:featuredmedia":[{"embeddable":true,"href":"https:\/\/colimdo.org\/wp-api\/wp\/v2\/media\/57288"}],"wp:attachment":[{"href":"https:\/\/colimdo.org\/wp-api\/wp\/v2\/media?parent=57287"}],"wp:term":[{"taxonomy":"category","embeddable":true,"href":"https:\/\/colimdo.org\/wp-api\/wp\/v2\/categories?post=57287"},{"taxonomy":"post_tag","embeddable":true,"href":"https:\/\/colimdo.org\/wp-api\/wp\/v2\/tags?post=57287"}],"curies":[{"name":"wp","href":"https:\/\/api.w.org\/{rel}","templated":true}]}}