{"id":57293,"date":"2019-07-05T22:18:08","date_gmt":"2019-07-05T22:18:08","guid":{"rendered":"https:\/\/colimdo.org\/?p=57293"},"modified":"2019-07-05T22:18:00","modified_gmt":"2019-07-05T22:18:00","slug":"al-horford-anuncia-no-jugara-equipo-dominicano-mundial-baloncesto","status":"publish","type":"post","link":"https:\/\/colimdo.org\/noticias\/al-horford-anuncia-no-jugara-equipo-dominicano-mundial-baloncesto\/","title":{"rendered":"Al Horford anuncia no jugar\u00e1 con equipo dominicano en Mundial de Baloncesto"},"content":{"rendered":"<p>EL NUEVO DIARIO, SANTO DOMINGO.- El jugador de baloncesto dominicano Al Horford anunci\u00f3 este viernes su decisi\u00f3n de no formar parte de la selecci\u00f3n nacional para la Copa Mundial de Baloncesto, la cual se realizar\u00e1 en China.<\/p>\n<p>\u201cQuiero informarle a todos mis seguidores que debido a mi cambio de equipo y responsabilidades con la nueva organizaci\u00f3n, se me hace dif\u00edcil comprometer el tiempo para hacer el trabajo, no estar\u00e9 participando este a\u00f1o con la selecci\u00f3n nacional\u201d, indic\u00f3 en su cuenta de Instagram el ala-p\u00edvot.<\/p>\n<p>Agreg\u00f3 que \u201cha sido una decisi\u00f3n muy dif\u00edcil para m\u00ed no jugar, porque siempre ha sido un anhelo m\u00edo participar en un mundial. Por otro lado, ahora mi enfoque es continuar ayudando con el desarrollo del baloncesto en el pa\u00eds\u201d.<\/p>\n<p>\u201cNuevamente estar\u00e9 conduciendo unas cl\u00ednicas de baloncesto en Santo Domingo, donde incluiremos j\u00f3venes de diferentes partes del pa\u00eds para seguir ayudando en el desarrollo del talento dominicano. Pronto estar\u00e9 dando m\u00e1s informaci\u00f3n\u201d, indic\u00f3 el jugador.<\/p>\n","protected":false},"excerpt":{"rendered":"<p>El jugador de baloncesto dominicano Al Horford anunci\u00f3 este viernes su decisi\u00f3n de no formar parte de la selecci\u00f3n nacional para la Copa Mundial de Baloncesto, la cual se realizar\u00e1 en China.<\/p>\n","protected":false},"author":16,"featured_media":57294,"comment_status":"closed","ping_status":"closed","sticky":false,"template":"","format":"standard","meta":[],"categories":[2,60],"tags":[],"acf":[],"_links":{"self":[{"href":"https:\/\/colimdo.org\/wp-api\/wp\/v2\/posts\/57293"}],"collection":[{"href":"https:\/\/colimdo.org\/wp-api\/wp\/v2\/posts"}],"about":[{"href":"https:\/\/colimdo.org\/wp-api\/wp\/v2\/types\/post"}],"author":[{"embeddable":true,"href":"https:\/\/colimdo.org\/wp-api\/wp\/v2\/users\/16"}],"replies":[{"embeddable":true,"href":"https:\/\/colimdo.org\/wp-api\/wp\/v2\/comments?post=57293"}],"version-history":[{"count":1,"href":"https:\/\/colimdo.org\/wp-api\/wp\/v2\/posts\/57293\/revisions"}],"predecessor-version":[{"id":57295,"href":"https:\/\/colimdo.org\/wp-api\/wp\/v2\/posts\/57293\/revisions\/57295"}],"wp:featuredmedia":[{"embeddable":true,"href":"https:\/\/colimdo.org\/wp-api\/wp\/v2\/media\/57294"}],"wp:attachment":[{"href":"https:\/\/colimdo.org\/wp-api\/wp\/v2\/media?parent=57293"}],"wp:term":[{"taxonomy":"category","embeddable":true,"href":"https:\/\/colimdo.org\/wp-api\/wp\/v2\/categories?post=57293"},{"taxonomy":"post_tag","embeddable":true,"href":"https:\/\/colimdo.org\/wp-api\/wp\/v2\/tags?post=57293"}],"curies":[{"name":"wp","href":"https:\/\/api.w.org\/{rel}","templated":true}]}}