{"id":57296,"date":"2019-07-05T22:22:53","date_gmt":"2019-07-05T22:22:53","guid":{"rendered":"https:\/\/colimdo.org\/?p=57296"},"modified":"2019-07-05T22:22:54","modified_gmt":"2019-07-05T22:22:54","slug":"fedojudo-realiza-campamento-los-mejores-talentos-juveniles","status":"publish","type":"post","link":"https:\/\/colimdo.org\/noticias\/fedojudo-realiza-campamento-los-mejores-talentos-juveniles\/","title":{"rendered":"Fedojudo realiza campamento con los mejores talentos juveniles"},"content":{"rendered":"<p><b><span lang=\"ES-DO\">SANTO DOMINGO<\/span><\/b><span lang=\"ES-DO\">. Con la participaci\u00f3n de un total de 70 atletas provenientes de 17 asociaciones, la Federaci\u00f3n Dominicana de Judo (Fedojudo) lleva a cabo un campamento con los mejores talentos en la categor\u00eda juvenil.<\/span><\/p>\n<p><span lang=\"ES-DO\">El campamento, que se lleva a cabo hasta el 14 de este mes en la Casa Nacional del Judo, en el Centro Ol\u00edmpico, tiene como objetivo fortalecer el aprendizaje de los atletas e identificar los futuros talentos para el nuevo ciclo ol\u00edmpico.<\/span><\/p>\n<p><span lang=\"ES-DO\">La directora t\u00e9cnica de la Fedojudo, Leidi Germ\u00e1n, inform\u00f3 adem\u00e1s que se conformar\u00e1 una pre-selecci\u00f3n con los judocas m\u00e1s avanzados con miras escoger el equipo que tomar\u00e1 parte en el Campeonato Panamericano Juvenil a celebrarse en Colombia del 17 al 21 de este mes.<\/span><\/p>\n<p><span lang=\"ES-DO\">El programa de entrenamiento est\u00e1 a cargo de los entrenadores dominicanos Juan Carlos Jacinto, Modesto Lara y Jos\u00e9 V\u00e1squez, as\u00ed como los cubanos Jossiel T\u00e9llez y Eddy M\u00e9ndez.<\/span><\/p>\n<p><span lang=\"ES-DO\">Las sesiones de trabajo se llevan a cabo de 7:00 a 9:00 de la ma\u00f1ana, y de 4:00 a 6:00 de la tarde.<\/span><\/p>\n<p><span lang=\"ES-DO\">El programa incluye charlas sobre el compromiso y la importancia del deporte, as\u00ed como un calendario de visitas a lugares hist\u00f3ricos de la ciudad.<\/span><\/p>\n","protected":false},"excerpt":{"rendered":"<p>El campamento, que se lleva a cabo hasta el 14 de este mes en la Casa Nacional del Judo, en el Centro Ol\u00edmpico, tiene como objetivo fortalecer el aprendizaje de los atletas e identificar los futuros talentos para el nuevo ciclo ol\u00edmpico.<\/p>\n","protected":false},"author":16,"featured_media":57297,"comment_status":"closed","ping_status":"closed","sticky":false,"template":"","format":"standard","meta":[],"categories":[2,60],"tags":[],"acf":[],"_links":{"self":[{"href":"https:\/\/colimdo.org\/wp-api\/wp\/v2\/posts\/57296"}],"collection":[{"href":"https:\/\/colimdo.org\/wp-api\/wp\/v2\/posts"}],"about":[{"href":"https:\/\/colimdo.org\/wp-api\/wp\/v2\/types\/post"}],"author":[{"embeddable":true,"href":"https:\/\/colimdo.org\/wp-api\/wp\/v2\/users\/16"}],"replies":[{"embeddable":true,"href":"https:\/\/colimdo.org\/wp-api\/wp\/v2\/comments?post=57296"}],"version-history":[{"count":1,"href":"https:\/\/colimdo.org\/wp-api\/wp\/v2\/posts\/57296\/revisions"}],"predecessor-version":[{"id":57298,"href":"https:\/\/colimdo.org\/wp-api\/wp\/v2\/posts\/57296\/revisions\/57298"}],"wp:featuredmedia":[{"embeddable":true,"href":"https:\/\/colimdo.org\/wp-api\/wp\/v2\/media\/57297"}],"wp:attachment":[{"href":"https:\/\/colimdo.org\/wp-api\/wp\/v2\/media?parent=57296"}],"wp:term":[{"taxonomy":"category","embeddable":true,"href":"https:\/\/colimdo.org\/wp-api\/wp\/v2\/categories?post=57296"},{"taxonomy":"post_tag","embeddable":true,"href":"https:\/\/colimdo.org\/wp-api\/wp\/v2\/tags?post=57296"}],"curies":[{"name":"wp","href":"https:\/\/api.w.org\/{rel}","templated":true}]}}