{"id":57319,"date":"2019-07-06T00:37:50","date_gmt":"2019-07-06T00:37:50","guid":{"rendered":"https:\/\/colimdo.org\/?p=57319"},"modified":"2019-07-06T00:37:50","modified_gmt":"2019-07-06T00:37:50","slug":"garcia-decision-horford-una-pena-contabamos","status":"publish","type":"post","link":"https:\/\/colimdo.org\/noticias\/garcia-decision-horford-una-pena-contabamos\/","title":{"rendered":"Garc\u00eda sobre decisi\u00f3n de Horford: \u201cEs una pena, porque cont\u00e1bamos con \u00e9l\u201d"},"content":{"rendered":"<p>SANTO DOMINGO.- Tras Al Horford comunicar su decisi\u00f3n de no participar con la Selecci\u00f3n Nacional de la Rep\u00fablica Dominicana en el Mundial de China FIBA 2019, el gerente general Francisco Garc\u00eda lament\u00f3 la decisi\u00f3n.<\/p>\n<p>A trav\u00e9s de sus redes sociales, Horford indic\u00f3 que por responsabilidades con su nuevo equipo los Sixers de Filadelfia \u201cse le hace dif\u00edcil comprometer el tiempo para hacer el trabajo\u201d.<\/p>\n<p>\u201cEs una pena, porque la verdad es que cont\u00e1bamos con \u00e9l y ten\u00edamos la esperanza de que jugara\u201d, indic\u00f3 Garc\u00eda.<\/p>\n<p>\u201cSin embargo, tenemos material para competir y eso es lo que haremos. Nosotros clasificamos en buena lid en nuestro grupo y daremos lo mejor que tenemos\u201d, sigui\u00f3 diciendo.<\/p>\n<p>Garc\u00eda explic\u00f3 que se tuvo la confianza de que Horford jugar\u00eda cuando se reuni\u00f3 con \u00e9l a principios de abril en Miami, en un encuentro en el que tambi\u00e9n participaron el dirigente N\u00e9stor \u201cChe\u201d Garc\u00eda y su asistente Melvyn L\u00f3pez.<\/p>\n<p>\u201cCuando lo vimos aquella vez las posibilidades parec\u00edan buenas, pero obviamente su cambio de equipo en la NBA influy\u00f3 en su decisi\u00f3n\u201d, explic\u00f3.<\/p>\n<p>La preparaci\u00f3n contin\u00faa<\/p>\n<p>\u201cCisco\u201d tambi\u00e9n se\u00f1al\u00f3 que el equipo mantiene su preparaci\u00f3n para hacer el mejor papel posible y resalt\u00f3 la capacidad del \u201cChe\u201d Garc\u00eda de elevar el nivel de sus jugadores.<\/p>\n<p>\u201cN\u00e9stor es un estratega que sabe sacar lo mejor de cada jugador y eso es lo que vamos a necesitar de \u00e9l. Estamos seguros de que lo va a hacer\u201d, apunt\u00f3.<\/p>\n<p>La Copa Mundial de Baloncesto FIBA 2019 se celebrar\u00e1 en China del 31 de agosto al 15 de septiembre.<\/p>\n","protected":false},"excerpt":{"rendered":"<p>A trav\u00e9s de sus redes sociales, Horford indic\u00f3 que por responsabilidades con su nuevo equipo los Sixers de Filadelfia \u201cse le hace dif\u00edcil comprometer el tiempo para hacer el trabajo\u201d.<\/p>\n","protected":false},"author":16,"featured_media":57320,"comment_status":"closed","ping_status":"closed","sticky":false,"template":"","format":"standard","meta":[],"categories":[2,60],"tags":[],"acf":[],"_links":{"self":[{"href":"https:\/\/colimdo.org\/wp-api\/wp\/v2\/posts\/57319"}],"collection":[{"href":"https:\/\/colimdo.org\/wp-api\/wp\/v2\/posts"}],"about":[{"href":"https:\/\/colimdo.org\/wp-api\/wp\/v2\/types\/post"}],"author":[{"embeddable":true,"href":"https:\/\/colimdo.org\/wp-api\/wp\/v2\/users\/16"}],"replies":[{"embeddable":true,"href":"https:\/\/colimdo.org\/wp-api\/wp\/v2\/comments?post=57319"}],"version-history":[{"count":1,"href":"https:\/\/colimdo.org\/wp-api\/wp\/v2\/posts\/57319\/revisions"}],"predecessor-version":[{"id":57321,"href":"https:\/\/colimdo.org\/wp-api\/wp\/v2\/posts\/57319\/revisions\/57321"}],"wp:featuredmedia":[{"embeddable":true,"href":"https:\/\/colimdo.org\/wp-api\/wp\/v2\/media\/57320"}],"wp:attachment":[{"href":"https:\/\/colimdo.org\/wp-api\/wp\/v2\/media?parent=57319"}],"wp:term":[{"taxonomy":"category","embeddable":true,"href":"https:\/\/colimdo.org\/wp-api\/wp\/v2\/categories?post=57319"},{"taxonomy":"post_tag","embeddable":true,"href":"https:\/\/colimdo.org\/wp-api\/wp\/v2\/tags?post=57319"}],"curies":[{"name":"wp","href":"https:\/\/api.w.org\/{rel}","templated":true}]}}