{"id":57322,"date":"2019-07-06T00:41:07","date_gmt":"2019-07-06T00:41:07","guid":{"rendered":"https:\/\/colimdo.org\/?p=57322"},"modified":"2019-07-06T00:41:07","modified_gmt":"2019-07-06T00:41:07","slug":"comite-ejecutivo-del-cod-se-declara-sesion-permanente-juegos-lima","status":"publish","type":"post","link":"https:\/\/colimdo.org\/noticias\/comite-ejecutivo-del-cod-se-declara-sesion-permanente-juegos-lima\/","title":{"rendered":"Comit\u00e9 Ejecutivo del COD se declara en sesi\u00f3n permanente por Juegos de Lima\u00a0"},"content":{"rendered":"<p class=\"x_ydp515f1b2cMsoNormal\"><b>SANTO DOMINGO.-\u00a0<\/b>El comit\u00e9 ejecutivo del Comit\u00e9 Ol\u00edmpico Dominicano (COD) se declar\u00f3 en sesi\u00f3n permanente con motivo de los XVIII Juegos Panamericanos de Lima 2019.<\/p>\n<p class=\"x_ydp515f1b2cMsoNormal\">Los ejecutivos del COD han estado trabajando a tiempo completo, dando los \u00faltimos toques a la organizaci\u00f3n de la delegaci\u00f3n dominicana que asistir\u00e1 a la cita deportiva continental.<\/p>\n<p class=\"x_ydp515f1b2cMsoNormal\">Este viernes, los directivos del COD sesionaron por m\u00e1s de tres horas, conociendo detalles. En esa reuni\u00f3n presidida por Luis Mej\u00eda, presidente de ese organismo, tambi\u00e9n particip\u00f3 Garibaldy Bautista, Jefe de Misi\u00f3n.<\/p>\n<p class=\"x_ydp515f1b2cMsoNormal\">Al t\u00e9rmino del encuentro se anunci\u00f3 la realizaci\u00f3n de un acto especial para presentar la indumentaria que llevar\u00e1n los deportistas dominicanos a los juegos.<\/p>\n<p class=\"x_ydp515f1b2cMsoNormal\">Tambi\u00e9n se pas\u00f3 revista a las diferentes actividades pendientes y que se llevar\u00e1n a cabo pr\u00f3ximamente, entre estas, la celebraci\u00f3n de una fiesta de depedida que tendr\u00e1 lugar el s\u00e1bado, 13 de julio en las facilidades del Albergue Ol\u00edmpico y el d\u00eda 21 de julio, a las 10:00 de la ma\u00f1ana, est\u00e1 prevista una eucarist\u00eda.<\/p>\n<p class=\"x_ydp515f1b2cMsoNormal\">Tambi\u00e9n est\u00e1 pendiente el abanderamiento de la delegaci\u00f3n en una fecha y hora que ser\u00e1 anunciada pr\u00f3ximamente.<\/p>\n<p class=\"x_ydp515f1b2cMsoNormal\">Rep\u00fablica Dominicana asistir\u00e1 a los XVIII Juegos Panamericanos con una delegaci\u00f3n de poco m\u00e1s de 200 atletas, aunque todav\u00eda restan varios deportes por agotar los eventos en busca de plaza para la cita deportiva continental.<\/p>\n<p class=\"x_ydp515f1b2cMsoNormal\">\u201cEstamos trabajando a tiempo completo para no dejar ning\u00fan cabo suelto\u201d, coment\u00f3 Mej\u00eda Oviedo al t\u00e9rmino de la reuni\u00f3n en la que tambi\u00e9n participaron Antonio Acosta, Rafael Uribe, Gilberto Garc\u00eda, Nelson Ram\u00edrez, Dulce Mar\u00eda Pi\u00f1a, Edwin Rodr\u00edguez, Jos\u00e9 Luis Ram\u00edrez y Miguel Rivera, este \u00faltimo en calidad de invitado.<\/p>\n<p class=\"x_ydp515f1b2cMsoNormal\">Recientemente el comit\u00e9 ejecutivo del COD dio a conocer de la designaci\u00f3n de la\u00a0levantadora de pesas Crismery Santana como la abanderada de la\u00a0\u00a0delegaci\u00f3n dominicana que asistir\u00e1 a los XVIII Juegos Panamericanos que tendr\u00e1n lugar del 26 de julio al 11 de agosto en la ciudad de Lima, Per\u00fa.<\/p>\n<p class=\"x_ydp515f1b2cMsoNormal\">La medallista dorada de los Juegos Centroamericanos y del Caribe de Barranquilla, Colombia, el pasado a\u00f1o, fue elegida a unanimidad en la sesi\u00f3n de trabajo del Comit\u00e9 Ejecutivo del Comit\u00e9 Ol\u00edmpico Dominicano (COD), celebrada este martes.<\/p>\n<p class=\"x_ydp515f1b2cMsoNormal\">En otro aspecto, tambi\u00e9n inform\u00f3 de la designaci\u00f3n del ex atleta ol\u00edmpico Gerardo Suero Correa y Luis Chanlatte como Jefes de las Delegaciones de Rep\u00fablica Dominicana que asistir\u00e1n a los Juegos Ol\u00edmpicos de Tokio y los Juegos Mundiales de Playa que se har\u00e1n en Qatar el pr\u00f3ximo a\u00f1o.<\/p>\n<p class=\"x_ydp515f1b2cMsoNormal\">Suero Correa, quien tambi\u00e9n es presidente de la Federaci\u00f3n Dominicana de Asociaciones de Atletismo, tambi\u00e9n es co-secretario general del COD, estar\u00e1 al frente de la delegaci\u00f3n que asistir\u00e1 el pr\u00f3ximo a\u00f1o a las olimp\u00edadas de Tokio, Jap\u00f3n, el pr\u00f3ximo a\u00f1o.<\/p>\n<p class=\"x_ydp515f1b2cMsoNormal\">Mientras que Chanlatte, segundo vicepresidente del COD y presidente de la Federaci\u00f3n Dominicana de Wushu, ha sido nombrado como Jefe de Misi\u00f3n de los Juegos Mundiales de Playa que se celebrar\u00e1n en Qatar del 12 al 16 de octubre pr\u00f3ximo.<\/p>\n<p class=\"x_ydp515f1b2cMsoNormal\">\n","protected":false},"excerpt":{"rendered":"<p>Los ejecutivos del COD han estado trabajando a tiempo completo, dando los \u00faltimos toques a la organizaci\u00f3n de la delegaci\u00f3n dominicana que asistir\u00e1 a la cita deportiva continental.<\/p>\n","protected":false},"author":16,"featured_media":57323,"comment_status":"closed","ping_status":"closed","sticky":false,"template":"","format":"standard","meta":[],"categories":[3,2,60],"tags":[],"acf":[],"_links":{"self":[{"href":"https:\/\/colimdo.org\/wp-api\/wp\/v2\/posts\/57322"}],"collection":[{"href":"https:\/\/colimdo.org\/wp-api\/wp\/v2\/posts"}],"about":[{"href":"https:\/\/colimdo.org\/wp-api\/wp\/v2\/types\/post"}],"author":[{"embeddable":true,"href":"https:\/\/colimdo.org\/wp-api\/wp\/v2\/users\/16"}],"replies":[{"embeddable":true,"href":"https:\/\/colimdo.org\/wp-api\/wp\/v2\/comments?post=57322"}],"version-history":[{"count":1,"href":"https:\/\/colimdo.org\/wp-api\/wp\/v2\/posts\/57322\/revisions"}],"predecessor-version":[{"id":57324,"href":"https:\/\/colimdo.org\/wp-api\/wp\/v2\/posts\/57322\/revisions\/57324"}],"wp:featuredmedia":[{"embeddable":true,"href":"https:\/\/colimdo.org\/wp-api\/wp\/v2\/media\/57323"}],"wp:attachment":[{"href":"https:\/\/colimdo.org\/wp-api\/wp\/v2\/media?parent=57322"}],"wp:term":[{"taxonomy":"category","embeddable":true,"href":"https:\/\/colimdo.org\/wp-api\/wp\/v2\/categories?post=57322"},{"taxonomy":"post_tag","embeddable":true,"href":"https:\/\/colimdo.org\/wp-api\/wp\/v2\/tags?post=57322"}],"curies":[{"name":"wp","href":"https:\/\/api.w.org\/{rel}","templated":true}]}}