{"id":57345,"date":"2019-07-06T17:40:08","date_gmt":"2019-07-06T17:40:08","guid":{"rendered":"https:\/\/colimdo.org\/?p=57345"},"modified":"2019-07-06T17:42:31","modified_gmt":"2019-07-06T17:42:31","slug":"mike-teunissen-se-impuso-primera-etapa-tour-francia","status":"publish","type":"post","link":"https:\/\/colimdo.org\/noticias\/mike-teunissen-se-impuso-primera-etapa-tour-francia\/","title":{"rendered":"Mike Teunissen se impuso en primera etapa Tour de Francia"},"content":{"rendered":"<p>Empez\u00f3 el Tour de Francia. El primero en levantar los brazos y vestirse de amarillo fue\u00a0\u00a0Mike Teunissen, quien se impuso en el esprint final de la jornada de 194 kli\u00f3metros alrededor de la ciudad de Bruselas.<\/p>\n<p>El nerviosismo del inicio de la carrera gener\u00f3 varias ca\u00eddas en las que los colombianos no se vieron involucrados y llegaron con el tiempo del ganador. El holand\u00e9s tambi\u00e9n asumi\u00f3 el liderato en la clasificaci\u00f3n general.<\/p>\n<p>El corredor holand\u00e9s dio una gran sorpresa porque nadie lo ten\u00eda entre los favoritos para imponerse en esta jornada. Teunissen esperaba ayudar a su l\u00edder Dylan Groenewegen pero \u00e9l se cay\u00f3 faltando 1,5 kil\u00f3metros a la meta en una violenta ca\u00edda masiva.<\/p>\n<p>Desde el arranque de la etapa hubo mucho movimiento por el pav\u00e9s.\u00a0 Varias estrellas se cortaron, como Elia Viviani, Alexander Kristoff, Dan Martin, Simon Yates, \u00a0y sufrieron inconvenientes mec\u00e1nicos que no tuvieron consecuencias graves.<\/p>\n<p>Superado el caos generado por\u00a0 el adoquinado, a falta de 58 kil\u00f3metros salt\u00f3 del grupo St\u00e9phane Rossetto del equipo Cofidis. El franc\u00e9s busc\u00f3 darle tiempo de televisi\u00f3n a su equipo y gast\u00f3 energ\u00edas en una jornada en la que sab\u00eda no iba tener oportunidad de la victoria.<\/p>\n<p>A 18 kil\u00f3metros de la llegada se present\u00f3 una de las ca\u00eddas. El afectado m\u00e1s importante fue \u00a0Jakob Fuglsang, quien se involucr\u00f3 en una ca\u00edda masiva. El dan\u00e9s termin\u00f3 con cortes en la cara y el cuerpo pero pudo retomar su lugar en el grupo.<\/p>\n<p>Sin embargo, estos goles los puede pagar en la jornada del domingo cuando se lleve a cabo una complicada contrarreloj por equipos que dictar\u00e1 las primeras diferencias entre los favoritos.<\/p>\n<p>La contrarreloj tendr\u00e1 27,6 kil\u00f3metros en Bruselas.<\/p>\n","protected":false},"excerpt":{"rendered":"<p>El corredor holand\u00e9s se impuso en el esprint final de la jornada de 194 kli\u00f3metros alrededor de la ciudad de Bruselas es s\u00e1bado.<\/p>\n","protected":false},"author":13,"featured_media":57348,"comment_status":"closed","ping_status":"closed","sticky":false,"template":"","format":"standard","meta":[],"categories":[2,60],"tags":[],"acf":[],"_links":{"self":[{"href":"https:\/\/colimdo.org\/wp-api\/wp\/v2\/posts\/57345"}],"collection":[{"href":"https:\/\/colimdo.org\/wp-api\/wp\/v2\/posts"}],"about":[{"href":"https:\/\/colimdo.org\/wp-api\/wp\/v2\/types\/post"}],"author":[{"embeddable":true,"href":"https:\/\/colimdo.org\/wp-api\/wp\/v2\/users\/13"}],"replies":[{"embeddable":true,"href":"https:\/\/colimdo.org\/wp-api\/wp\/v2\/comments?post=57345"}],"version-history":[{"count":1,"href":"https:\/\/colimdo.org\/wp-api\/wp\/v2\/posts\/57345\/revisions"}],"predecessor-version":[{"id":57347,"href":"https:\/\/colimdo.org\/wp-api\/wp\/v2\/posts\/57345\/revisions\/57347"}],"wp:featuredmedia":[{"embeddable":true,"href":"https:\/\/colimdo.org\/wp-api\/wp\/v2\/media\/57348"}],"wp:attachment":[{"href":"https:\/\/colimdo.org\/wp-api\/wp\/v2\/media?parent=57345"}],"wp:term":[{"taxonomy":"category","embeddable":true,"href":"https:\/\/colimdo.org\/wp-api\/wp\/v2\/categories?post=57345"},{"taxonomy":"post_tag","embeddable":true,"href":"https:\/\/colimdo.org\/wp-api\/wp\/v2\/tags?post=57345"}],"curies":[{"name":"wp","href":"https:\/\/api.w.org\/{rel}","templated":true}]}}