{"id":57421,"date":"2019-07-08T15:30:58","date_gmt":"2019-07-08T15:30:58","guid":{"rendered":"https:\/\/colimdo.org\/?p=57421"},"modified":"2019-07-08T15:35:12","modified_gmt":"2019-07-08T15:35:12","slug":"granjeros-honran-memorias-hector-pereyra-ney-serrata","status":"publish","type":"post","link":"https:\/\/colimdo.org\/noticias\/granjeros-honran-memorias-hector-pereyra-ney-serrata\/","title":{"rendered":"Granjeros Honran memorias de H\u00e9ctor Pereyra  y Ney Serrata"},"content":{"rendered":"<p>MOCA.- \u00a0En un emotivo homenaje p\u00f3stumo la directiva de los seis veces campeones de la Liga de B\u00e9isbol de Verano, Granjeros de Moca, recordaron la memoria d\u00e9 H\u00e9ctor Pereyra (tito) y Jos\u00e9 Manuel Serrata (Ney) ambos fallecidos este a\u00f1o como un agradecimiento a su entrega y trabajo en esta liga.<\/p>\n<p>En nombre de la directiva de los granjeros, Sandy Jim\u00e9nez manifest\u00f3 que &#8220;ambos entregaron todo para que hoy podamos exhibir un torneo competitivo, fuerte y con mucha calidad&#8221;.<\/p>\n<p>Juan N\u00fa\u00f1ez, presidente de Federaci\u00f3n Dominicana de B\u00e9isbol (Fedobe) agradeci\u00f3 el gesto y emocionado record\u00f3 a Pereyra y a Serrata.<\/p>\n<p>La entrega se realiz\u00f3 previo al partido del domingo entre los Tiburones del Norte y Los Granjeros de Moca.<\/p>\n","protected":false},"excerpt":{"rendered":"<p>Los campeones de la Liga de Verano reconocieron el aporte que en vida hicieran ambas figuras del deporte.<\/p>\n","protected":false},"author":16,"featured_media":57422,"comment_status":"closed","ping_status":"closed","sticky":false,"template":"","format":"standard","meta":[],"categories":[2,60],"tags":[],"acf":[],"_links":{"self":[{"href":"https:\/\/colimdo.org\/wp-api\/wp\/v2\/posts\/57421"}],"collection":[{"href":"https:\/\/colimdo.org\/wp-api\/wp\/v2\/posts"}],"about":[{"href":"https:\/\/colimdo.org\/wp-api\/wp\/v2\/types\/post"}],"author":[{"embeddable":true,"href":"https:\/\/colimdo.org\/wp-api\/wp\/v2\/users\/16"}],"replies":[{"embeddable":true,"href":"https:\/\/colimdo.org\/wp-api\/wp\/v2\/comments?post=57421"}],"version-history":[{"count":3,"href":"https:\/\/colimdo.org\/wp-api\/wp\/v2\/posts\/57421\/revisions"}],"predecessor-version":[{"id":57425,"href":"https:\/\/colimdo.org\/wp-api\/wp\/v2\/posts\/57421\/revisions\/57425"}],"wp:featuredmedia":[{"embeddable":true,"href":"https:\/\/colimdo.org\/wp-api\/wp\/v2\/media\/57422"}],"wp:attachment":[{"href":"https:\/\/colimdo.org\/wp-api\/wp\/v2\/media?parent=57421"}],"wp:term":[{"taxonomy":"category","embeddable":true,"href":"https:\/\/colimdo.org\/wp-api\/wp\/v2\/categories?post=57421"},{"taxonomy":"post_tag","embeddable":true,"href":"https:\/\/colimdo.org\/wp-api\/wp\/v2\/tags?post=57421"}],"curies":[{"name":"wp","href":"https:\/\/api.w.org\/{rel}","templated":true}]}}