{"id":57435,"date":"2019-07-08T16:05:25","date_gmt":"2019-07-08T16:05:25","guid":{"rendered":"https:\/\/colimdo.org\/?p=57435"},"modified":"2019-07-08T16:05:25","modified_gmt":"2019-07-08T16:05:25","slug":"realizaran-hoy-sorteo-clasico-softbol-del-distrito-nacional","status":"publish","type":"post","link":"https:\/\/colimdo.org\/noticias\/realizaran-hoy-sorteo-clasico-softbol-del-distrito-nacional\/","title":{"rendered":"Realizar\u00e1n hoy sorteo para Cl\u00e1sico de S\u00f3ftbol del Distrito Nacional"},"content":{"rendered":"<p class=\"x_MsoNormal\">SANTO DOMINGO. El sorteo para el 2do Cl\u00e1sico de equipos de softbol del Distrito Nacional ser\u00e1 este lunes a las 7:00 en el sal\u00f3n de conferencia de la Federaci\u00f3n en el Centro Ol\u00edmpico; el acto de inauguraci\u00f3n se har\u00e1 el jueves el Albergue Ol\u00edmpico.<\/p>\n<p class=\"x_MsoNormal\">En la justa se disputar\u00e1 la copa \u201cconfraternidad 2019\u201d \u00a0y estar\u00e1 dedicado \u00a0a Aridio Garc\u00eda de Refrigeraci\u00f3n Garc\u00eda y a Danny Beato, de Ferreter\u00eda Beato, \u201cdos grandes softbolistas que nos honramos al reconocerles\u201d, apunt\u00f3 Franklin Sor\u00ed, presidente de la Asociaci\u00f3n de Softbol del Distrito Nacional (Asadina), instituci\u00f3n que organiza el evento.<\/p>\n<p class=\"x_MsoNormal\">Sor\u00ed indic\u00f3 que est\u00e1 dirigido a equipos que no re\u00fanen condiciones de ligas, por lo que no pueden participar en el torneo tradicional que este a\u00f1o arriba a su 30 aniversario y que estar\u00e1 dedicado al presidente del Comit\u00e9 Ol\u00edmpico Dominicano y miembro COI, Luis Mej\u00eda Oviedo, pasado presidente de la Federaci\u00f3n y de la Asociaci\u00f3n de Softbol del Distrito Nacional.<\/p>\n<p class=\"x_MsoNormal\">Franklin Sor\u00ed, presidente de la Asadina indic\u00f3 que entre los equipos que han confirmado su participaci\u00f3n est\u00e1n Patio Cordero, los Popis Wawawa, el Serrucho, los Franklin, S\u00faper Amigos, Santo Domingo All Star, Los Jockys, Los Energ\u00e9ticos, Ferreter\u00eda Beato Los Amigos de Cabral y Amigos de Santo Domingo.<\/p>\n<p class=\"x_MsoNormal\">Tambi\u00e9n Leche Milex, Team JR, Hermanos Collado, Pe\u00f1a G\u00f3mez, Ca\u00f1eros, Uni\u00f3n la Yuca, Brewers-Cat A, Los Spicy Km-10, Patrones, Fory, Team Roco, Pedro Livio, y el IDAC.<\/p>\n<p class=\"x_MsoNormal\">Adem\u00e1s Decepticons, Los Bulldogs, los pupilos, Javilla City, Pa-Goz\u00e1, Perell\u00f3, Atl\u00e9ticos de la Yuca, Quisqueya, Bolivarianos, Ca\u00f1oneros y 21 de Junio que integran la Divisi\u00f3n B.<\/p>\n<p class=\"x_MsoNormal\">En la categor\u00eda A participar\u00e1n los equipos Halcones del Kennedy, Brewers, Los Peraltas, Hermanos Dur\u00e1n, Farmac\u00e9uticos, El Padrino, Emmanuel\u00a0 Team y Tito Team.<\/p>\n","protected":false},"excerpt":{"rendered":"<p>En la justa se disputar\u00e1 la copa \u201cconfraternidad 2019\u201d \u00a0y estar\u00e1 dedicado \u00a0a Aridio Garc\u00eda de Refrigeraci\u00f3n Garc\u00eda y a Danny Beato, de Ferreter\u00eda Beato, \u201cdos grandes softbolistas que nos honramos al reconocerles\u201d, apunt\u00f3 Franklin Sor\u00ed, presidente de la Asociaci\u00f3n de Softbol del Distrito Nacional (Asadina), instituci\u00f3n que organiza el evento.<\/p>\n","protected":false},"author":16,"featured_media":57436,"comment_status":"closed","ping_status":"closed","sticky":false,"template":"","format":"standard","meta":[],"categories":[2,60],"tags":[],"acf":[],"_links":{"self":[{"href":"https:\/\/colimdo.org\/wp-api\/wp\/v2\/posts\/57435"}],"collection":[{"href":"https:\/\/colimdo.org\/wp-api\/wp\/v2\/posts"}],"about":[{"href":"https:\/\/colimdo.org\/wp-api\/wp\/v2\/types\/post"}],"author":[{"embeddable":true,"href":"https:\/\/colimdo.org\/wp-api\/wp\/v2\/users\/16"}],"replies":[{"embeddable":true,"href":"https:\/\/colimdo.org\/wp-api\/wp\/v2\/comments?post=57435"}],"version-history":[{"count":1,"href":"https:\/\/colimdo.org\/wp-api\/wp\/v2\/posts\/57435\/revisions"}],"predecessor-version":[{"id":57437,"href":"https:\/\/colimdo.org\/wp-api\/wp\/v2\/posts\/57435\/revisions\/57437"}],"wp:featuredmedia":[{"embeddable":true,"href":"https:\/\/colimdo.org\/wp-api\/wp\/v2\/media\/57436"}],"wp:attachment":[{"href":"https:\/\/colimdo.org\/wp-api\/wp\/v2\/media?parent=57435"}],"wp:term":[{"taxonomy":"category","embeddable":true,"href":"https:\/\/colimdo.org\/wp-api\/wp\/v2\/categories?post=57435"},{"taxonomy":"post_tag","embeddable":true,"href":"https:\/\/colimdo.org\/wp-api\/wp\/v2\/tags?post=57435"}],"curies":[{"name":"wp","href":"https:\/\/api.w.org\/{rel}","templated":true}]}}