{"id":57441,"date":"2019-07-08T17:12:24","date_gmt":"2019-07-08T17:12:24","guid":{"rendered":"https:\/\/colimdo.org\/?p=57441"},"modified":"2019-07-08T17:12:22","modified_gmt":"2019-07-08T17:12:22","slug":"coi-felicita-inclusion-felix-sanchez-miembro-del-comite-ejecutivo-del-cod","status":"publish","type":"post","link":"https:\/\/colimdo.org\/noticias\/coi-felicita-inclusion-felix-sanchez-miembro-del-comite-ejecutivo-del-cod\/","title":{"rendered":"COI felicita inclusi\u00f3n de F\u00e9lix S\u00e1nchez como miembro del Comit\u00e9 Ejecutivo del COD"},"content":{"rendered":"<p class=\"x_ydp956714c6x_ydp1875e8b8MsoNormal\"><span lang=\"ES-TRAD\">SANTO DOMINGO.- El presidente del Comit\u00e9 Ol\u00edmpico Internacional, Thomas Bach, envi\u00f3 un mensaje de felicitaci\u00f3n\u00a0\u00a0a Luis Mej\u00eda Oviedo, por el proceso de configuraci\u00f3n del Comit\u00e9 Ejecutivo de este organismo que ha incluido al ex atleta ol\u00edmpico F\u00e9lix S\u00e1nchez como miembro cooptado.<\/span><\/p>\n<p class=\"x_ydp956714c6x_ydp1875e8b8MsoNormal\"><span lang=\"ES-TRAD\">Tras conocer de esa decisi\u00f3n, Bach expres\u00f3 su satisfacci\u00f3n por la medida, que seg\u00fan afirma, \u201cda voz a las necesidades de los atletas en la Rep\u00fablica Dominicana\u201d.<\/span><\/p>\n<p class=\"x_ydp956714c6x_ydp1875e8b8MsoNormal\"><span lang=\"ES-TRAD\">\u201cEs mi deseo comunicarle que he sido informado sobre los \u00faltimos acontecimientos ocurridos en el Comit\u00e9 Ol\u00edmpico Dominicano en referencia a la nueva configuraci\u00f3n de su Comit\u00e9 ejecutivo. Quiero enviarle mi m\u00e1s sincera enhorabuena por haber cooptado al atleta F\u00e9lix S\u00e1nchez para formar parte de dicho comit\u00e9, dando as\u00ed voz a las necesidades de los atletas en la Rep\u00fablica Dominicana\u201d, dice la carta enviada por el m\u00e1s alto dirigente deportivo del mundo.<\/span><\/p>\n<p class=\"x_ydp956714c6x_ydp1875e8b8MsoNormal\"><span lang=\"ES-TRAD\">A seguidas a\u00f1ade: \u201cEsperamos que este nombramiento sirva para consolidar y potenciar el funcionamiento de la Comisi\u00f3n de Atletas del Comit\u00e9 Ol\u00edmpico Dominicano. De esta forma, y siguiendo las directrices de la Agenda 2020, se fortalecer\u00e1n las estructuras representativas del Movimiento Ol\u00edmpico Dominicano poniendo especial \u00e9nfasis en el papel protagonista de los atletas\u201d.<\/span><\/p>\n<p class=\"x_ydp956714c6x_ydp1875e8b8MsoNormal\"><span lang=\"ES-TRAD\">La comunicaci\u00f3n est\u00e1 firmada de pu\u00f1o y letra por Thomas Bach y fechada el 14 de marzo de este a\u00f1o.<\/span><\/p>\n<p class=\"x_ydp956714c6x_ydp1875e8b8MsoNormal\"><span lang=\"ES-TRAD\">En febrero de este a\u00f1o, el dos veces medallista de oro ol\u00edmpico, fue ingresado como miembro cooptado del COD, con derecho a voz, una decisi\u00f3n que tambi\u00e9n ha llenado de satisfacci\u00f3n el deporte dominicano.<\/span><\/p>\n<div><span lang=\"ES-TRAD\">Desde su ingreso al Comit\u00e9 Ejecutivo del COD, S\u00e1nchez, el tambi\u00e9n bicampe\u00f3n mundial de los 400 metros con vallas, ha estado trabajando en diferentes tareas.<\/span><\/div>\n","protected":false},"excerpt":{"rendered":"<p>Tras conocer de esa decisi\u00f3n, Bach expres\u00f3 su satisfacci\u00f3n por la medida, que seg\u00fan afirma, \u201cda voz a las necesidades de los atletas en la Rep\u00fablica Dominicana\u201d.<\/p>\n","protected":false},"author":16,"featured_media":57442,"comment_status":"closed","ping_status":"closed","sticky":false,"template":"","format":"standard","meta":[],"categories":[2,60],"tags":[],"acf":[],"_links":{"self":[{"href":"https:\/\/colimdo.org\/wp-api\/wp\/v2\/posts\/57441"}],"collection":[{"href":"https:\/\/colimdo.org\/wp-api\/wp\/v2\/posts"}],"about":[{"href":"https:\/\/colimdo.org\/wp-api\/wp\/v2\/types\/post"}],"author":[{"embeddable":true,"href":"https:\/\/colimdo.org\/wp-api\/wp\/v2\/users\/16"}],"replies":[{"embeddable":true,"href":"https:\/\/colimdo.org\/wp-api\/wp\/v2\/comments?post=57441"}],"version-history":[{"count":1,"href":"https:\/\/colimdo.org\/wp-api\/wp\/v2\/posts\/57441\/revisions"}],"predecessor-version":[{"id":57443,"href":"https:\/\/colimdo.org\/wp-api\/wp\/v2\/posts\/57441\/revisions\/57443"}],"wp:featuredmedia":[{"embeddable":true,"href":"https:\/\/colimdo.org\/wp-api\/wp\/v2\/media\/57442"}],"wp:attachment":[{"href":"https:\/\/colimdo.org\/wp-api\/wp\/v2\/media?parent=57441"}],"wp:term":[{"taxonomy":"category","embeddable":true,"href":"https:\/\/colimdo.org\/wp-api\/wp\/v2\/categories?post=57441"},{"taxonomy":"post_tag","embeddable":true,"href":"https:\/\/colimdo.org\/wp-api\/wp\/v2\/tags?post=57441"}],"curies":[{"name":"wp","href":"https:\/\/api.w.org\/{rel}","templated":true}]}}