{"id":57454,"date":"2019-07-08T17:09:46","date_gmt":"2019-07-08T17:09:46","guid":{"rendered":"https:\/\/colimdo.org\/?p=57454"},"modified":"2019-07-08T17:09:46","modified_gmt":"2019-07-08T17:09:46","slug":"fedowushu-apuesta-la-capacitacion-herramienta-crecimiento","status":"publish","type":"post","link":"https:\/\/colimdo.org\/noticias\/fedowushu-apuesta-la-capacitacion-herramienta-crecimiento\/","title":{"rendered":"Fedowushu apuesta a la capacitaci\u00f3n como herramienta de crecimiento"},"content":{"rendered":"<p><b><span lang=\"ES-DO\">SANTO DOMINGO<\/span><\/b><span lang=\"ES-DO\">. La Federaci\u00f3n Dominicana de Wushu (Fedowushu) manifest\u00f3 que la capacitaci\u00f3n es una herramienta que ha puesto en pr\u00e1ctica para continuar con el proceso de crecimiento de su personal de direcci\u00f3n y t\u00e9cnico.<\/span><\/p>\n<p><span lang=\"ES-DO\">En la clausura del curso Administraci\u00f3n Deportiva, celebrado en el sal\u00f3n La Pinta del hotel Dominican Fiesta, Julio \u00c1ngel Florentino, directivo de Fedowushu, resalt\u00f3 el empe\u00f1o de la dirigencia de este deporte en la integraci\u00f3n de las jornadas de capacitaci\u00f3n.<\/span><\/p>\n<p><span lang=\"ES-DO\">\u201cEl Wushu est\u00e1 en un proceso de capacitaci\u00f3n y progreso constante\u201d, agreg\u00f3 Florentino, previo a la entrega de los certificados a los participantes.<\/span><\/p>\n<p><span lang=\"ES-DO\">El dirigente de Wushu agradeci\u00f3 el apoyo de Solidaridad Ol\u00edmpica para que fuera realidad la celebraci\u00f3n del curso, en el que participaron miembros de 17 de las 24 asociaciones de esa disciplina.<\/span><\/p>\n<p><span lang=\"ES-DO\">\u201cEn t\u00e9rminos generales el curso de Administraci\u00f3n Deportiva ha llenado las expectativas con expositores del conocimiento\u201d, se\u00f1al\u00f3 Florentino.<\/span><\/p>\n<p><span lang=\"ES-DO\">Mientras, el director del programa Solidaridad Ol\u00edmpica, licenciado Gilberto Garc\u00eda, exhort\u00f3 a los participantes a ser dirigentes multiplicadores de los conocimientos adquiridos.<\/span><\/p>\n<p><span lang=\"ES-DO\">\u201cEsperamos que les den un buen uso a este contenido. Tenemos un movimiento activo con grandes responsabilidades\u201d, manifest\u00f3 Garc\u00eda.<\/span><\/p>\n<p><span lang=\"ES-DO\">La joven Eucary Rodr\u00edguez intervino en el acto y tuvo palabras de agradecimiento en representaci\u00f3n de los participantes.<\/span><\/p>\n<p><span lang=\"ES-DO\">En la conclusi\u00f3n de la jornada de capacitaci\u00f3n estuvieron adem\u00e1s el profesor Luis Elpidio Cumba, director de la Academia Ol\u00edmpica del COD; M\u00e1ximo Abreu, expositor, y Mar\u00eda Garc\u00eda, enlace con los atletas y el Ministerio de Deportes.<\/span><\/p>\n<p><span lang=\"ES-DO\">Cada uno de los participantes recibi\u00f3 un pliego de material de apoyo con el contenido abordado durante los cuatro d\u00edas que se llev\u00f3 a cabo el curso.<\/span><\/p>\n","protected":false},"excerpt":{"rendered":"<p>En la clausura del curso Administraci\u00f3n Deportiva, celebrado en el sal\u00f3n La Pinta del hotel Dominican Fiesta, Julio \u00c1ngel Florentino, directivo de Fedowushu, resalt\u00f3 el empe\u00f1o de la dirigencia de este deporte en la integraci\u00f3n de las jornadas de capacitaci\u00f3n.<\/p>\n","protected":false},"author":16,"featured_media":57455,"comment_status":"closed","ping_status":"closed","sticky":false,"template":"","format":"standard","meta":[],"categories":[2,60],"tags":[],"acf":[],"_links":{"self":[{"href":"https:\/\/colimdo.org\/wp-api\/wp\/v2\/posts\/57454"}],"collection":[{"href":"https:\/\/colimdo.org\/wp-api\/wp\/v2\/posts"}],"about":[{"href":"https:\/\/colimdo.org\/wp-api\/wp\/v2\/types\/post"}],"author":[{"embeddable":true,"href":"https:\/\/colimdo.org\/wp-api\/wp\/v2\/users\/16"}],"replies":[{"embeddable":true,"href":"https:\/\/colimdo.org\/wp-api\/wp\/v2\/comments?post=57454"}],"version-history":[{"count":1,"href":"https:\/\/colimdo.org\/wp-api\/wp\/v2\/posts\/57454\/revisions"}],"predecessor-version":[{"id":57456,"href":"https:\/\/colimdo.org\/wp-api\/wp\/v2\/posts\/57454\/revisions\/57456"}],"wp:featuredmedia":[{"embeddable":true,"href":"https:\/\/colimdo.org\/wp-api\/wp\/v2\/media\/57455"}],"wp:attachment":[{"href":"https:\/\/colimdo.org\/wp-api\/wp\/v2\/media?parent=57454"}],"wp:term":[{"taxonomy":"category","embeddable":true,"href":"https:\/\/colimdo.org\/wp-api\/wp\/v2\/categories?post=57454"},{"taxonomy":"post_tag","embeddable":true,"href":"https:\/\/colimdo.org\/wp-api\/wp\/v2\/tags?post=57454"}],"curies":[{"name":"wp","href":"https:\/\/api.w.org\/{rel}","templated":true}]}}