{"id":57470,"date":"2019-07-09T02:53:02","date_gmt":"2019-07-09T02:53:02","guid":{"rendered":"https:\/\/colimdo.org\/?p=57470"},"modified":"2019-07-09T02:53:02","modified_gmt":"2019-07-09T02:53:02","slug":"balonmano-tendra-gran-presencia-lima-2019","status":"publish","type":"post","link":"https:\/\/colimdo.org\/noticias\/balonmano-tendra-gran-presencia-lima-2019\/","title":{"rendered":"Balonmano tendr\u00e1 gran presencia en Lima 2019"},"content":{"rendered":"<p>LIMA2019.- El 24 de julio, el primer deporte colectivo que entrar\u00e1 en acci\u00f3n en los Juegos Panamericanos ser\u00e1 el Balonmano. Los mejores jugadores de Am\u00e9rica -varios de ellos brillando en Europa- se medir\u00e1n en el Polideportivo 1 de la VIDENA, por subir a lo m\u00e1s alto del podio, en una disciplina que ya agot\u00f3 entradas para la etapa final.<\/p>\n<p>Dos d\u00edas antes de la Ceremonia de Inauguraci\u00f3n de Lima 2019, las damas abrir\u00e1n el tel\u00f3n del certamen que clasificar\u00e1 a los Juegos Ol\u00edmpicos de Tokio 2020. Per\u00fa debutar\u00e1, en el cierre de la primera sesi\u00f3n, ante Rep\u00fablica Dominicana por la primera jornada del grupo B. En tanto, Argentina y Brasil (finalistas en los Juegos de Guadalajara 2011 y Toronto 2015) ser\u00e1n el atractivo de la jornada vespertina. (Ver cuadro de todos los partidos de damas).<\/p>\n<p>Brasil llegar\u00e1 con la armadora Duda Amorim y la pivot Tamires de Ara\u00fajo, figuras de la potente Liga H\u00fangara. Mientras que las albicelestes tienen como destacadas a la central Elke Karsten, quien brilla en Hungr\u00eda; as\u00ed como las laterales Manuela Pizzo (campeon\u00f3 en la Copa de Espa\u00f1a) y Luciana Mendoza que juega en la liga de Francia. El calendario de damas corre del 24 al 30 de julio.<\/p>\n<p>La famosa barra \u2018Los Chapulines Brasile\u00f1os\u2019, aficionados que se visten igual que el personaje c\u00f3mico mexicano, ser\u00e1 lo m\u00e1s vistoso que se ver\u00e1 en el Polideportivo 1 de la VIDENA. Las entradas para las fases finales est\u00e1n agotadas, pero puede observar a estas grandes figuras del deporte latinoamericano en las primeras rondas comprando en www.lima2019.pe\/tickets y en los puntos de venta autorizados.<\/p>\n<p>COMPETENCIA MASCULINA<\/p>\n<p>En tanto, el certamen masculino ser\u00e1 del 31 de julio al 5 de agosto, en la que tambi\u00e9n se redituar\u00e1 el cl\u00e1sico Brasil vs. Argentina. Ambas selecciones llegan con estrellas que brillaron en esta temporada de la Champions League de Balonmano, el mejor certamen del mundo. De hecho, el pivot brasile\u00f1o Rog\u00e9rio Moraes campeon\u00f3 con el Vardar de Macedonia y el armador Thiagus Petrus destac\u00f3 con el Barcelona de Espa\u00f1a. Por los albicelestes, las figuras son los hermanos Diego, Pablo y Sebasti\u00e1n Simonet.<\/p>\n<p>El Grupo A est\u00e1 integrado por Estados Unidos, Cuba, Argentina y Chile. Mientras tanto, Per\u00fa forma parte del Grupo B junto a M\u00e9xico, Puerto Rico y el s\u00faper candidato Brasil. Los peruanos debutan ante Puerto Rico, mientras que Brasil lo hace ante M\u00e9xico. En tanto, los \u2018Gladiadores\u2019 argentinos se miden ante Estados Unidos. (Ver cuadro de competencia de varones).<\/p>\n<p>REGLAMENTO EN LIMA 2019<\/p>\n<p>Habr\u00e1 una ronda preliminar de todos contra todos en dos series de cuatro equipos cada una. Luego, los dos primeros clasificar\u00e1n a las semifinales, donde jugar\u00e1n el primer lugar con el segundo lugar de cada grupo. Los equipos ganadores de la semifinal van por la presea de oro, mientras que los perdedores jugar\u00e1n por la de bronce.<\/p>\n<p>En tanto, los clasificados entre tercer y cuarto puesto de cada serie jugar\u00e1n una ronda de clasificaci\u00f3n del quinto al octavo lugar. Desde las semifinales, los partidos que terminen empatados, despu\u00e9s de los dos tiempos regulares, se definir\u00e1n hasta en dos tiempos suplementarios. Solo en caso de persistir el empate se recurrir\u00e1 a los penales.<\/p>\n","protected":false},"excerpt":{"rendered":"<p>Los mejores jugadores de Am\u00e9rica -varios de ellos brillando en Europa- se medir\u00e1n en el Polideportivo 1 de la VIDENA, por subir a lo m\u00e1s alto del podio, en una disciplina que ya agot\u00f3 entradas para la etapa final.<\/p>\n","protected":false},"author":19,"featured_media":57471,"comment_status":"closed","ping_status":"closed","sticky":false,"template":"","format":"standard","meta":[],"categories":[2,60],"tags":[],"acf":[],"_links":{"self":[{"href":"https:\/\/colimdo.org\/wp-api\/wp\/v2\/posts\/57470"}],"collection":[{"href":"https:\/\/colimdo.org\/wp-api\/wp\/v2\/posts"}],"about":[{"href":"https:\/\/colimdo.org\/wp-api\/wp\/v2\/types\/post"}],"author":[{"embeddable":true,"href":"https:\/\/colimdo.org\/wp-api\/wp\/v2\/users\/19"}],"replies":[{"embeddable":true,"href":"https:\/\/colimdo.org\/wp-api\/wp\/v2\/comments?post=57470"}],"version-history":[{"count":1,"href":"https:\/\/colimdo.org\/wp-api\/wp\/v2\/posts\/57470\/revisions"}],"predecessor-version":[{"id":57472,"href":"https:\/\/colimdo.org\/wp-api\/wp\/v2\/posts\/57470\/revisions\/57472"}],"wp:featuredmedia":[{"embeddable":true,"href":"https:\/\/colimdo.org\/wp-api\/wp\/v2\/media\/57471"}],"wp:attachment":[{"href":"https:\/\/colimdo.org\/wp-api\/wp\/v2\/media?parent=57470"}],"wp:term":[{"taxonomy":"category","embeddable":true,"href":"https:\/\/colimdo.org\/wp-api\/wp\/v2\/categories?post=57470"},{"taxonomy":"post_tag","embeddable":true,"href":"https:\/\/colimdo.org\/wp-api\/wp\/v2\/tags?post=57470"}],"curies":[{"name":"wp","href":"https:\/\/api.w.org\/{rel}","templated":true}]}}