{"id":57489,"date":"2019-07-09T03:40:15","date_gmt":"2019-07-09T03:40:15","guid":{"rendered":"https:\/\/colimdo.org\/?p=57489"},"modified":"2019-07-09T03:40:15","modified_gmt":"2019-07-09T03:40:15","slug":"los-lakers-quieren-usar-lebron-james-base-titular","status":"publish","type":"post","link":"https:\/\/colimdo.org\/noticias\/los-lakers-quieren-usar-lebron-james-base-titular\/","title":{"rendered":"Los Lakers quieren usar a LeBron James como base titular"},"content":{"rendered":"<p>Los Angeles Lakers han reparado su orgullo, tras escaparse de entre los dedos el bol\u00edgrafo con el que firmar a Kawhi Leonard, y entre unas y otras contrataciones est\u00e1n armando un equipo bastante serio de cara a la temporada 2019-20.<\/p>\n<p>Compuesto por estrellas, retales, y algunos agentes libres de bastante valor, la plantilla de los Lakers se empieza a parecer bastante a la de un conjunto que quiere aspirar a lo m\u00e1ximo en un ejercicio competitivo. Y para conjugar a todas las nuevas caras incorporadas, los Lakers planean que LeBron James sea su nuevo base titular, tal como ha podido informar el periodista Chris B. Haynes (Yahoo! Sports).<\/p>\n<p>As\u00ed que a pesar de haber repescado a Rajon Rondo para la temporada que viene, en los planes de los Lakers de Frank Vogel (y Rob Pelinka como directivo principal, no lo olvidemos) aparece la idea de que LeBron sea el base principal.<\/p>\n<p>Eso dejar\u00eda a James como te\u00f3rico y funcional base y a Danny Green como escolta titular. El resto de posiciones podr\u00edan repartirse entre Kyle Kuzma, Anthony Davis, DeMarcus Cousins, Kentavious Caldwell-Pope.<\/p>\n<p>La idea que los Lakers quieren plasmar este a\u00f1o empieza a explicarse por un sistema basado en la direcci\u00f3n \u00fanica de LeBron y, despu\u00e9s, Davis y tiradores a su alrededor para complementar esfuerzos y calidad. En esa descripci\u00f3n de jugadores que pueden tirar, y adem\u00e1s contrastados, encaja tambi\u00e9n Avery Bradley, \u00faltima adquisici\u00f3n de los Lakers. El escolta firmar\u00e1 por dos temporadas y cerca de 10 millones de d\u00f3lares.<\/p>\n<p>No es nada nuevo que James act\u00fae como director en funciones de su equipo; de hecho, lleva haci\u00e9ndolo pr\u00e1cticamente desde que fuera seleccionado en 2003 por los Cavaliers. Sin embargo, la novedad llega porque los Lakers quieran emplearle como base posicional (no solo funcional) desde el inicio de los partidos.<\/p>\n<p>Han recibido muchos palos y se quedaron sin Kawhi, pero los Lakers 2019-20 han cogido una pigmentaci\u00f3n de lo m\u00e1s halag\u00fce\u00f1a. LeBron James, Anthony Davis, DeMarcus Cousins, Kyle Kuzma\u2026 Si se lo cuentan a los aficionados p\u00farpura y oro hace dos a\u00f1os, hubieran dado media mano que para que fuera posible.<\/p>\n","protected":false},"excerpt":{"rendered":"<p>Los Angeles Lakers han reparado su orgullo, tras escaparse de entre los dedos el bol\u00edgrafo con el que firmar a Kawhi Leonard, y entre unas y otras contrataciones est\u00e1n armando un equipo bastante serio de cara a la temporada 2019-20.<\/p>\n","protected":false},"author":19,"featured_media":57490,"comment_status":"closed","ping_status":"closed","sticky":false,"template":"","format":"standard","meta":[],"categories":[2,60],"tags":[],"acf":[],"_links":{"self":[{"href":"https:\/\/colimdo.org\/wp-api\/wp\/v2\/posts\/57489"}],"collection":[{"href":"https:\/\/colimdo.org\/wp-api\/wp\/v2\/posts"}],"about":[{"href":"https:\/\/colimdo.org\/wp-api\/wp\/v2\/types\/post"}],"author":[{"embeddable":true,"href":"https:\/\/colimdo.org\/wp-api\/wp\/v2\/users\/19"}],"replies":[{"embeddable":true,"href":"https:\/\/colimdo.org\/wp-api\/wp\/v2\/comments?post=57489"}],"version-history":[{"count":1,"href":"https:\/\/colimdo.org\/wp-api\/wp\/v2\/posts\/57489\/revisions"}],"predecessor-version":[{"id":57491,"href":"https:\/\/colimdo.org\/wp-api\/wp\/v2\/posts\/57489\/revisions\/57491"}],"wp:featuredmedia":[{"embeddable":true,"href":"https:\/\/colimdo.org\/wp-api\/wp\/v2\/media\/57490"}],"wp:attachment":[{"href":"https:\/\/colimdo.org\/wp-api\/wp\/v2\/media?parent=57489"}],"wp:term":[{"taxonomy":"category","embeddable":true,"href":"https:\/\/colimdo.org\/wp-api\/wp\/v2\/categories?post=57489"},{"taxonomy":"post_tag","embeddable":true,"href":"https:\/\/colimdo.org\/wp-api\/wp\/v2\/tags?post=57489"}],"curies":[{"name":"wp","href":"https:\/\/api.w.org\/{rel}","templated":true}]}}