{"id":57502,"date":"2019-07-09T12:42:59","date_gmt":"2019-07-09T12:42:59","guid":{"rendered":"https:\/\/colimdo.org\/?p=57502"},"modified":"2019-07-09T12:42:59","modified_gmt":"2019-07-09T12:42:59","slug":"haran-maraton-pro-fondo-techado-cancha-baloncesto-los-jardines-del-norte","status":"publish","type":"post","link":"https:\/\/colimdo.org\/noticias\/haran-maraton-pro-fondo-techado-cancha-baloncesto-los-jardines-del-norte\/","title":{"rendered":"Har\u00e1n marat\u00f3n pro-fondo techado cancha de baloncesto Los Jardines del Norte"},"content":{"rendered":"<p>SANTO DOMINGO.- Con el objetivo conseguir los recursos para dotar de un bajo techo a la cancha de baloncesto de la Urbanizaci\u00f3n Los Jardines del Norte, ser\u00e1 realizado un 5K pro-fondo,\u00a0 el domingo 01 de septiembre, salida oficial ser\u00e1 6:00 de la ma\u00f1ana.<\/p>\n<div>\n<p>El club y C\u00e9sar Rodr\u00edguez, organizadores del evento, indicaron que el 5K se har\u00e1 bajo el lema \u201cCorriendo por mi techado\u201d, con un costo de participaci\u00f3n de RD$1,000,\u00a0que incluir\u00e1 una camiseta y la medalla.<\/p>\n<p>Rodr\u00edguez destac\u00f3 que la cancha fue construida hace m\u00e1s de 40 a\u00f1os, siendo un lugar de recreaci\u00f3n para cientos de j\u00f3venes de la comunidad de Los Jardines del Norte y zonas aleda\u00f1as. Adem\u00e1s de que es utilizada por las diferentes iglesias del sector para realizar grandes eventos.<\/p>\n<p>Llam\u00f3 a las instituciones p\u00fablicas y privadas que se encuentran en el sector apoyar la carrera. Entre ellas cit\u00f3 al Ministerio de Agricultura, la Oficina Nacional de Propiedad Intelectual (Onapi), Pasteurizadora Rica, Agua Planeta Azul, Bonanza Dominicana, entre otras.<\/p>\n<p>Indic\u00f3 que para la compra del kit pueden depositar en la cuenta 960-188624-5 del\u00a0 Banco de Reservas y llamar a los tel\u00e9fonos 809-605-1358, 809-754-7359 y 829-640-4364.<\/p>\n<\/div>\n","protected":false},"excerpt":{"rendered":"<p>Con el objetivo conseguir los recursos para dotar de un bajo techo a la cancha de baloncesto de la Urbanizaci\u00f3n Los Jardines del Norte, ser\u00e1 realizado un 5K pro-fondo,\u00a0 el domingo 01 de septiembre, salida oficial ser\u00e1 6:00 de la ma\u00f1ana.<\/p>\n","protected":false},"author":16,"featured_media":57503,"comment_status":"closed","ping_status":"closed","sticky":false,"template":"","format":"standard","meta":[],"categories":[2,60],"tags":[],"acf":[],"_links":{"self":[{"href":"https:\/\/colimdo.org\/wp-api\/wp\/v2\/posts\/57502"}],"collection":[{"href":"https:\/\/colimdo.org\/wp-api\/wp\/v2\/posts"}],"about":[{"href":"https:\/\/colimdo.org\/wp-api\/wp\/v2\/types\/post"}],"author":[{"embeddable":true,"href":"https:\/\/colimdo.org\/wp-api\/wp\/v2\/users\/16"}],"replies":[{"embeddable":true,"href":"https:\/\/colimdo.org\/wp-api\/wp\/v2\/comments?post=57502"}],"version-history":[{"count":1,"href":"https:\/\/colimdo.org\/wp-api\/wp\/v2\/posts\/57502\/revisions"}],"predecessor-version":[{"id":57504,"href":"https:\/\/colimdo.org\/wp-api\/wp\/v2\/posts\/57502\/revisions\/57504"}],"wp:featuredmedia":[{"embeddable":true,"href":"https:\/\/colimdo.org\/wp-api\/wp\/v2\/media\/57503"}],"wp:attachment":[{"href":"https:\/\/colimdo.org\/wp-api\/wp\/v2\/media?parent=57502"}],"wp:term":[{"taxonomy":"category","embeddable":true,"href":"https:\/\/colimdo.org\/wp-api\/wp\/v2\/categories?post=57502"},{"taxonomy":"post_tag","embeddable":true,"href":"https:\/\/colimdo.org\/wp-api\/wp\/v2\/tags?post=57502"}],"curies":[{"name":"wp","href":"https:\/\/api.w.org\/{rel}","templated":true}]}}