{"id":57511,"date":"2019-07-09T14:53:45","date_gmt":"2019-07-09T14:53:45","guid":{"rendered":"https:\/\/colimdo.org\/?p=57511"},"modified":"2019-07-09T14:53:45","modified_gmt":"2019-07-09T14:53:45","slug":"eulis-baez-firma-tres-temporadas-baxi-manresa-espana","status":"publish","type":"post","link":"https:\/\/colimdo.org\/noticias\/eulis-baez-firma-tres-temporadas-baxi-manresa-espana\/","title":{"rendered":"Eulis B\u00e1ez firma por tres temporadas con el Baxi Manresa de Espa\u00f1a"},"content":{"rendered":"<p class=\"canvas-atom canvas-text Mb(1.0em) Mb(0)--sm Mt(0.8em)--sm\">Manresa (Barcelona), 9 jul (EFE).- El Baxi Manresa ha anunciado este martes el fichaje del ala-p\u00edvot Eulis B\u00e1ez para las tres pr\u00f3ximas temporadas, primera incorporaci\u00f3n que se anuncia desde la vuelta al banquillo de Pedro Mart\u00ednez.<\/p>\n<p class=\"canvas-atom canvas-text Mb(1.0em) Mb(0)--sm Mt(0.8em)--sm\">El dominicano, nacionalizado espa\u00f1ol, es un jugador que el entrenador conoce muy bien de su etapa en el Gran Canaria, equipo en el que B\u00e1ez milit\u00f3 desde el 2012.<\/p>\n<p class=\"canvas-atom canvas-text Mb(1.0em) Mb(0)--sm Mt(0.8em)--sm\">El nuevo jugador del Baxi Manresa (37 a\u00f1os) tiene una amplia trayectoria en la Liga Endesa, con diez temporadas en su curr\u00edculum. Adem\u00e1s de Gran Canaria, tambi\u00e9n ha militado en el Joventut y el Valladolid.<\/p>\n<p class=\"canvas-atom canvas-text Mb(1.0em) Mb(0)--sm Mt(0.8em)--sm\">B\u00e1ez aportar\u00e1 su experiencia a la plantilla manresana en la liga y tambi\u00e9n en las competiciones europeas, pues ha disputado tres veces la &#8216;EuroCup&#8217; y en una ocasi\u00f3n la Euroliga.<\/p>\n","protected":false},"excerpt":{"rendered":"<p>El dominicano, nacionalizado espa\u00f1ol, es un jugador que el entrenador conoce muy bien de su etapa en el Gran Canaria, equipo en el que B\u00e1ez milit\u00f3 desde el 2012.<\/p>\n","protected":false},"author":16,"featured_media":57512,"comment_status":"closed","ping_status":"closed","sticky":false,"template":"","format":"standard","meta":[],"categories":[2,60],"tags":[],"acf":[],"_links":{"self":[{"href":"https:\/\/colimdo.org\/wp-api\/wp\/v2\/posts\/57511"}],"collection":[{"href":"https:\/\/colimdo.org\/wp-api\/wp\/v2\/posts"}],"about":[{"href":"https:\/\/colimdo.org\/wp-api\/wp\/v2\/types\/post"}],"author":[{"embeddable":true,"href":"https:\/\/colimdo.org\/wp-api\/wp\/v2\/users\/16"}],"replies":[{"embeddable":true,"href":"https:\/\/colimdo.org\/wp-api\/wp\/v2\/comments?post=57511"}],"version-history":[{"count":1,"href":"https:\/\/colimdo.org\/wp-api\/wp\/v2\/posts\/57511\/revisions"}],"predecessor-version":[{"id":57513,"href":"https:\/\/colimdo.org\/wp-api\/wp\/v2\/posts\/57511\/revisions\/57513"}],"wp:featuredmedia":[{"embeddable":true,"href":"https:\/\/colimdo.org\/wp-api\/wp\/v2\/media\/57512"}],"wp:attachment":[{"href":"https:\/\/colimdo.org\/wp-api\/wp\/v2\/media?parent=57511"}],"wp:term":[{"taxonomy":"category","embeddable":true,"href":"https:\/\/colimdo.org\/wp-api\/wp\/v2\/categories?post=57511"},{"taxonomy":"post_tag","embeddable":true,"href":"https:\/\/colimdo.org\/wp-api\/wp\/v2\/tags?post=57511"}],"curies":[{"name":"wp","href":"https:\/\/api.w.org\/{rel}","templated":true}]}}