{"id":57514,"date":"2019-07-09T15:00:32","date_gmt":"2019-07-09T15:00:32","guid":{"rendered":"https:\/\/colimdo.org\/?p=57514"},"modified":"2019-07-09T15:00:32","modified_gmt":"2019-07-09T15:00:32","slug":"claudio-the-matrix-marrero-reconquista-condicion-campeon-mundial","status":"publish","type":"post","link":"https:\/\/colimdo.org\/noticias\/claudio-the-matrix-marrero-reconquista-condicion-campeon-mundial\/","title":{"rendered":"Claudio \u201cThe Matrix\u201d Marrero reconquista su condici\u00f3n de campe\u00f3n mundial"},"content":{"rendered":"<p><strong>SANTO DOMINGO.-<\/strong> El boxeador dominicano Claudio \u201cThe Matrix\u2019\u2019 Marrero, doble excampe\u00f3n mundial de peso pluma WBA e IBO, realiz\u00f3 un encuentro con los medios de comunicaci\u00f3n del pa\u00eds, tras su \u00faltimo triunfo en la ciudad de Texas, Estados Unidos, el pasado 29 de junio.<\/p>\n<p>Marrero, quien presenta foja de 27 combates, 24 ganadas, 3 derrotas y 17 por la v\u00eda del cloroformo, viene de obtener la victoria por decisi\u00f3n un\u00e1nime 115-113, 116-112 y 118-110 ante el mexicano de 26 a\u00f1os Eduardo \u201cEl Zurdito\u2019\u2019 Ram\u00edrez (22-2-3-9, KO\u2019s).<\/p>\n<p>\u201cMe siento muy contento y orgulloso de traer este t\u00edtulo a la Rep\u00fablica Dominicana. El proceso de mi preparaci\u00f3n fue muy fuerte, muchos sacrificios, sudor y l\u00e1grimas, lo que me hizo recordar mi ciclo amateur\u201d, sostuvo el boxeador Claudio \u201cThe Matrix\u201d Marrero.<\/p>\n<p>Con su m\u00e1s reciente conquista, \u201cThe Matrix\u2019\u2019, se adjudic\u00f3 el cintur\u00f3n Oro de la Asociaci\u00f3n Mundial de Boxeo (WBA), siendo as\u00ed el retador obligatorio de las 126 libras (peso pluma), para enfrentar Leo Santa Cruz (36-1-1-19, KO\u2019s), quien retiene el titulo (s\u00faper) desde el a\u00f1o 2015 o al campe\u00f3n (regular) Xu Can (16-2-3, KO\u2019s).<\/p>\n<p>\u201cEn 40 d\u00edas me tienen que dar respuesta sobre mi pelea al t\u00edtulo contra el mexicano Leo Santa Cruz, por estas razones, no puedo esperar mucho para volver a mis entrenamientos\u201d, enfatiz\u00f3 Marrero.<\/p>\n<p>Durante el encuentro con los medios, realizado en La Terrazota Bar &amp; Grill Av. Sarasota 19, Plaza Universitaria Este Local 22-S, ED2 Show Time, plataforma de promoci\u00f3n al apoyo del boxeo, present\u00f3 sus pr\u00f3ximas carteleras de boxeo en el pa\u00eds.<\/p>\n<p><strong>Sobre ED2 Show Time <\/strong><\/p>\n<p>Plataforma de eventos de combate que abarca Boxeo y Artes Marciales Mixtas (MMA), con la finalidad de impulsar y dar el apoyo a j\u00f3venes talentos del pa\u00eds. La empresa creada en octubre del 2018 por los hermanos Luis y \u00d3scar Casado, tiene la visi\u00f3n y el compromiso de fortalecer el deporte de los pu\u00f1os enguantados. Se han realizado diversos eventos de talla internacional, tales como: \u201cThe Fight Weekend\u201d y \u201cKnock Out Night\u201d, ambos eventos contando con la participaci\u00f3n de p\u00fagiles nacionales e internacionales.<\/p>\n","protected":false},"excerpt":{"rendered":"<p>El p\u00fagil criollo contin\u00faa alcanzado lauros a nivel internacional.<\/p>\n","protected":false},"author":16,"featured_media":57515,"comment_status":"closed","ping_status":"closed","sticky":false,"template":"","format":"standard","meta":[],"categories":[2,60],"tags":[],"acf":[],"_links":{"self":[{"href":"https:\/\/colimdo.org\/wp-api\/wp\/v2\/posts\/57514"}],"collection":[{"href":"https:\/\/colimdo.org\/wp-api\/wp\/v2\/posts"}],"about":[{"href":"https:\/\/colimdo.org\/wp-api\/wp\/v2\/types\/post"}],"author":[{"embeddable":true,"href":"https:\/\/colimdo.org\/wp-api\/wp\/v2\/users\/16"}],"replies":[{"embeddable":true,"href":"https:\/\/colimdo.org\/wp-api\/wp\/v2\/comments?post=57514"}],"version-history":[{"count":1,"href":"https:\/\/colimdo.org\/wp-api\/wp\/v2\/posts\/57514\/revisions"}],"predecessor-version":[{"id":57516,"href":"https:\/\/colimdo.org\/wp-api\/wp\/v2\/posts\/57514\/revisions\/57516"}],"wp:featuredmedia":[{"embeddable":true,"href":"https:\/\/colimdo.org\/wp-api\/wp\/v2\/media\/57515"}],"wp:attachment":[{"href":"https:\/\/colimdo.org\/wp-api\/wp\/v2\/media?parent=57514"}],"wp:term":[{"taxonomy":"category","embeddable":true,"href":"https:\/\/colimdo.org\/wp-api\/wp\/v2\/categories?post=57514"},{"taxonomy":"post_tag","embeddable":true,"href":"https:\/\/colimdo.org\/wp-api\/wp\/v2\/tags?post=57514"}],"curies":[{"name":"wp","href":"https:\/\/api.w.org\/{rel}","templated":true}]}}