{"id":57525,"date":"2019-07-09T16:37:07","date_gmt":"2019-07-09T16:37:07","guid":{"rendered":"https:\/\/colimdo.org\/?p=57525"},"modified":"2019-07-09T16:37:07","modified_gmt":"2019-07-09T16:37:07","slug":"cod-anuncia-actividades-motivo-los-juegos-panam-lima-2019","status":"publish","type":"post","link":"https:\/\/colimdo.org\/noticias\/cod-anuncia-actividades-motivo-los-juegos-panam-lima-2019\/","title":{"rendered":"COD anuncia actividades con motivo de los Juegos Panam Lima 2019"},"content":{"rendered":"<p class=\"x_ydpc9f44725x_ydp929ca566MsoNoSpacing\"><span lang=\"ES-TRAD\">SANTO DOMINGO.- El Comit\u00e9 Ol\u00edmpico Dominicano (COD) desarrollar\u00e1 una amplia agenda con motivo de su participaci\u00f3n en los XVIII Juegos Panamericanos de Lima, Per\u00fa.<\/span><\/p>\n<p class=\"x_ydpc9f44725x_ydp929ca566MsoNoSpacing\"><span lang=\"ES-TRAD\">La agenda incluye un almuerzo fijado para este mi\u00e9rcoles, a partir de la 1:00 de la tarde, en la sede del COD, lo que servir\u00e1 de marco a un conversatorio v\u00eda Sky con atletas que tienen bases de entrenamientos en el exterior.<\/span><\/p>\n<p class=\"x_ydpc9f44725x_ydp929ca566MsoNoSpacing\"><span lang=\"ES-TRAD\">La agenda tambi\u00e9n prev\u00e9 para este jueves, a las 5:00 de la tarde la presentaci\u00f3n de la ropa oficial de Team Dom Lima 2019, en un acto que ser\u00e1 celebrado en la Plaza Sambil.<\/span><\/p>\n<p class=\"x_ydpc9f44725x_ydp929ca566MsoNoSpacing\"><span lang=\"ES-TRAD\">El s\u00e1bado, 13 de julio, a las 5:00 de la tarde, tendr\u00e1 lugar la fiesta de despedida del Team Dom Lima 2019. Esta actividad se llevar\u00e1 a cabo en el Albergue Ol\u00edmpico.<\/span><\/p>\n<p class=\"x_ydpc9f44725x_ydp929ca566MsoNoSpacing\"><span lang=\"ES-TRAD\">El mi\u00e9rcoles, 17 de julio, a las 11:00 de la ma\u00f1ana, est\u00e1 programada la Eucarist\u00eda de Despedida del Team Dom Lima 2019. Esta actividad tambi\u00e9n se llevar\u00e1 a cabo en el Albergue Ol\u00edmpico.<\/span><\/p>\n<p class=\"x_ydpc9f44725x_ydp929ca566MsoNoSpacing\"><span lang=\"ES-TRAD\">El jueves, 18 de julio est\u00e1 prevista la entrega de la bandera de la Rep\u00fablica Dominicana a la delegaci\u00f3n por parte del presidente, licenciado Danilo medina, en un acto que tendr\u00e1 lugar en el Palacio Nacional. La hora a\u00fan est\u00e1 por definirse.<\/span><\/p>\n<p class=\"x_ydpc9f44725x_ydp929ca566MsoNoSpacing\"><span lang=\"ES-TRAD\">El programa tambi\u00e9n incluye actividades en la capital peruana de Lima.<\/span><\/p>\n<p class=\"x_ydpc9f44725x_ydp929ca566MsoNoSpacing\"><span lang=\"ES-TRAD\">Para el mi\u00e9rcoles, 24 de julio, est\u00e1 programada la ceremonia de abanderamiento del Team Dom, una actividad que tendr\u00e1 lugar en la Villa Panamericana de Lima, Per\u00fa.<\/span><\/p>\n<p class=\"x_ydpc9f44725x_ydp929ca566MsoNoSpacing\"><span lang=\"ES-TRAD\">Tambi\u00e9n, en la capital peruana de Lima, se llevar\u00e1 a cabo el tradicional encuentro de bienvenida del Team Dom, una actividad que tendr\u00e1 lugar en Swiss hotel, el mi\u00e9rcoles, 25 de julio, a partir de las 11:00 de la ma\u00f1ana.<\/span><\/p>\n<p class=\"x_ydpc9f44725x_ydp929ca566MsoNoSpacing\"><span lang=\"ES-TRAD\">El jueves, 26 de julio est\u00e1 programada la ceremonia de inauguraci\u00f3n de lso XVIII Juegos Panamericanos, comenzando a las 7:00 de la noche, en el estadio Nacional de Lima.<\/span><\/p>\n<p class=\"x_ydpc9f44725x_ydp929ca566MsoNoSpacing\"><span lang=\"ES-TRAD\">\u00a0<\/span><\/p>\n","protected":false},"excerpt":{"rendered":"<p>La agenda incluye un almuerzo fijado para este mi\u00e9rcoles, a partir de la 1:00 de la tarde, en la sede del COD, lo que servir\u00e1 de marco a un conversatorio v\u00eda Sky con atletas que tienen bases de entrenamientos en el exterior.<\/p>\n","protected":false},"author":16,"featured_media":57526,"comment_status":"closed","ping_status":"closed","sticky":false,"template":"","format":"standard","meta":[],"categories":[2,60],"tags":[],"acf":[],"_links":{"self":[{"href":"https:\/\/colimdo.org\/wp-api\/wp\/v2\/posts\/57525"}],"collection":[{"href":"https:\/\/colimdo.org\/wp-api\/wp\/v2\/posts"}],"about":[{"href":"https:\/\/colimdo.org\/wp-api\/wp\/v2\/types\/post"}],"author":[{"embeddable":true,"href":"https:\/\/colimdo.org\/wp-api\/wp\/v2\/users\/16"}],"replies":[{"embeddable":true,"href":"https:\/\/colimdo.org\/wp-api\/wp\/v2\/comments?post=57525"}],"version-history":[{"count":1,"href":"https:\/\/colimdo.org\/wp-api\/wp\/v2\/posts\/57525\/revisions"}],"predecessor-version":[{"id":57527,"href":"https:\/\/colimdo.org\/wp-api\/wp\/v2\/posts\/57525\/revisions\/57527"}],"wp:featuredmedia":[{"embeddable":true,"href":"https:\/\/colimdo.org\/wp-api\/wp\/v2\/media\/57526"}],"wp:attachment":[{"href":"https:\/\/colimdo.org\/wp-api\/wp\/v2\/media?parent=57525"}],"wp:term":[{"taxonomy":"category","embeddable":true,"href":"https:\/\/colimdo.org\/wp-api\/wp\/v2\/categories?post=57525"},{"taxonomy":"post_tag","embeddable":true,"href":"https:\/\/colimdo.org\/wp-api\/wp\/v2\/tags?post=57525"}],"curies":[{"name":"wp","href":"https:\/\/api.w.org\/{rel}","templated":true}]}}