{"id":57559,"date":"2019-07-10T03:06:56","date_gmt":"2019-07-10T03:06:56","guid":{"rendered":"https:\/\/colimdo.org\/?p=57559"},"modified":"2019-07-10T03:06:56","modified_gmt":"2019-07-10T03:06:56","slug":"diaz-matos-encabezan-inauguracion-farmacia-del-pueblo-centro-olimpico","status":"publish","type":"post","link":"https:\/\/colimdo.org\/noticias\/diaz-matos-encabezan-inauguracion-farmacia-del-pueblo-centro-olimpico\/","title":{"rendered":"D\u00edaz y Matos encabezan inauguraci\u00f3n Farmacia del Pueblo en Centro Ol\u00edmpico"},"content":{"rendered":"<p>EL NUEVO DIARIO, SANTO DOMINGO.- Los atletas del programa de alto rendimiento (PARNI), los nuevos valores deportivos, el personal del Ministerio de Deportes y Recreaci\u00f3n (Miderec), \u00a0los residentes de los sectores adyacentes al Centro Ol\u00edmpico Juan Pablo Duarte, \u00a0contar\u00e1n en lo delante de los servicios que brinda el Programa de Medicamentos Esenciales Central de Apoyo Log\u00edstico (Promese Cal) a trav\u00e9s de una Farmacia del Pueblo, inaugurada este martes 9 de julio con un acto encabezado por el ministro de Deportes, licenciado Danilo D\u00eda, y por el director de Promese Cal, doctor Enriquillo Matos.<\/p>\n<p>La licenciada Nolmis S\u00e1nchez, gerente de Promese Cal, \u00a0al pronunciar las palabras iniciarles de la actividad, resalt\u00f3 que las modernas instalaciones disponen de medicamentos e implementos m\u00e9dicos a bajo costo para los atletas y toda la poblaci\u00f3n.<\/p>\n<p>El ministro D\u00edaz Vizca\u00edno resalt\u00f3 la gran importancia que tiene la farmacia ubicada junto a la Unidad M\u00e9dica del Centro Ol\u00edmpico Juan Pablo Duarte, porque no s\u00f3lo ser\u00e1 usada por atletas y personal administrativo de Miderec, sino por todos los visitantes y residentes de los sectores que rodean el gran parque deportivo del pa\u00eds.<\/p>\n<p>\u201cUno de nuestros ejes de gesti\u00f3n llamado Pacto Nacional, que establece el trabajo en coordinaci\u00f3n con otras instituciones para bienestar del deporte, est\u00e1 aqu\u00ed expresado en los servicios que prestar\u00e1 esta Farmacia del Pueblo, lo que es una muestra m\u00e1s de que nuestro principal objetivo es velar por el bienestar de nuestros atletas y empleados\u201d.<\/p>\n<p>\u201cSeguimos Avanzando guiados por nuestro presidente Danilo Medina S\u00e1nchez, \u00a0con su slogan de trabajar por la gente y para la gente\u201d, sostuvo D\u00edaz.<\/p>\n<p>En nombre de todos los atletas habl\u00f3 Karina D\u00edaz, de la disciplina de Karate, quien \u00a0agradeci\u00f3 al ministro Danilo D\u00edaz , al doctor Enriquillo Matos y a las m\u00e1s autoridades de Promese Cal \u00a0por escuchar la voz de sus colegas y que clamaban por la instalaci\u00f3n all\u00ed de una Farmacia del Pueblo.<\/p>\n<p>El discurso central estuvo a cargo del doctor Enriquillo Matos, director de Promese Cal, \u00a0quien destac\u00f3 el inter\u00e9s del presidente Danilo Medina para que los medicamentos a bajo costo lleguen a los sectores de menores ingresos de la poblaci\u00f3n.<\/p>\n<p>En el acto estuvieron presentes juntos al ministro Danilo D\u00edaz, el doctor Milton Pineda, presidente de la Federaci\u00f3n de Medicina Deportiva; el doctor Luis Santana, director de Medicamentos e Insumos Sanitarios de Servicio Nacional de Salud (SNS), y del padre de Jos\u00e9 Luis Hern\u00e1ndez quien se encarg\u00f3 de bendecir la obra.\u00a0As\u00ed como tambi\u00e9n el licenciado Omar Garc\u00eda, encargado de la Regional 0 del Servicio Regional Metropolitano de Salud\u00a0\u00a0(SRMS)<\/p>\n<p>La nueva Farmacia del Pueblo tambi\u00e9n brindar\u00e1 servicios a familias residentes en los Ensanches La Fe , Kennedy, Miraflores y Villa Juana.<\/p>\n","protected":false},"excerpt":{"rendered":"<p>La licenciada Nolmis S\u00e1nchez, gerente de Promese Cal, \u00a0al pronunciar las palabras iniciarles de la actividad, resalt\u00f3 que las modernas instalaciones disponen de medicamentos e implementos m\u00e9dicos a bajo costo para los atletas y toda la poblaci\u00f3n.<\/p>\n","protected":false},"author":19,"featured_media":57560,"comment_status":"closed","ping_status":"closed","sticky":false,"template":"","format":"standard","meta":[],"categories":[2,60],"tags":[],"acf":[],"_links":{"self":[{"href":"https:\/\/colimdo.org\/wp-api\/wp\/v2\/posts\/57559"}],"collection":[{"href":"https:\/\/colimdo.org\/wp-api\/wp\/v2\/posts"}],"about":[{"href":"https:\/\/colimdo.org\/wp-api\/wp\/v2\/types\/post"}],"author":[{"embeddable":true,"href":"https:\/\/colimdo.org\/wp-api\/wp\/v2\/users\/19"}],"replies":[{"embeddable":true,"href":"https:\/\/colimdo.org\/wp-api\/wp\/v2\/comments?post=57559"}],"version-history":[{"count":1,"href":"https:\/\/colimdo.org\/wp-api\/wp\/v2\/posts\/57559\/revisions"}],"predecessor-version":[{"id":57561,"href":"https:\/\/colimdo.org\/wp-api\/wp\/v2\/posts\/57559\/revisions\/57561"}],"wp:featuredmedia":[{"embeddable":true,"href":"https:\/\/colimdo.org\/wp-api\/wp\/v2\/media\/57560"}],"wp:attachment":[{"href":"https:\/\/colimdo.org\/wp-api\/wp\/v2\/media?parent=57559"}],"wp:term":[{"taxonomy":"category","embeddable":true,"href":"https:\/\/colimdo.org\/wp-api\/wp\/v2\/categories?post=57559"},{"taxonomy":"post_tag","embeddable":true,"href":"https:\/\/colimdo.org\/wp-api\/wp\/v2\/tags?post=57559"}],"curies":[{"name":"wp","href":"https:\/\/api.w.org\/{rel}","templated":true}]}}