{"id":57562,"date":"2019-07-10T03:12:30","date_gmt":"2019-07-10T03:12:30","guid":{"rendered":"https:\/\/colimdo.org\/?p=57562"},"modified":"2019-07-10T03:12:30","modified_gmt":"2019-07-10T03:12:30","slug":"baloncesto-moca-arranca-este-viernes-12-julio-grandes-expectativas","status":"publish","type":"post","link":"https:\/\/colimdo.org\/noticias\/baloncesto-moca-arranca-este-viernes-12-julio-grandes-expectativas\/","title":{"rendered":"Baloncesto de Moca arranca este viernes 12 de julio con grandes expectativas"},"content":{"rendered":"<p>MOCA.- El Torneo de Baloncesto Superior de Espaillat (BSE), en su versi\u00f3n n\u00famero XXVI iniciar\u00e1 este viernes 12 de julio en el Polideportivo \u201cJos\u00e9 S\u00e1nchez P\u00e9rez\u201d con una doble jornada en disputa de la copa Induveca.<\/p>\n<p>Los detalles fueron ofrecidos en la rueda de prensa por el presidente de la Asociaci\u00f3n de\u00a0Baloncesto de Espaillat (ASOBAE), Nelson Pe\u00f1a y del Comit\u00e9 Organizador, Dilon\u00e9 Ovalle, quienes comunicaron que se jugar\u00e1 mi\u00e9rcoles, viernes y domingo en doble tanda.<\/p>\n<p>Pe\u00f1a en sus palabras mostr\u00f3 mucho entusiasme por la calidad que tendr\u00e1 este evento, ya que los clubes siempre est\u00e1n comprometidos en ofrecer un espect\u00e1culo del m\u00e1s alto nivel en el baloncesto local.<\/p>\n<p>Adem\u00e1s, agradeci\u00f3 al presidente Danilo Medina quien, a trav\u00e9s del Ministro Administrativo de la Presidencia, Jos\u00e9 Ram\u00f3n Peralta, entregar\u00e1n un aporte por valor de $3.5 millones de pesos al Baloncesto de Moca.<\/p>\n<p>El acto realizado en el Teatro Don Bosco de Moca, tambi\u00e9n hablaron el doctor Nelson Sald\u00edvar, en representaci\u00f3n de la Federaci\u00f3n Dominicana de Baloncesto (FEDOMBAL), Santiago Cabrera, Director Provincial de Deportes, Dania Cardenas por la comercializadora, el doctor \u00c1ngel L\u00f3pez Sindico de Moca y Dilone Ovalles presidente del Comit\u00e9 Organizador.<\/p>\n<p>El evento que cuenta con el aval de la Federaci\u00f3n Dominicana de Baloncesto (Fedombal), que preside el ingeniero Rafael Uribe, los ejecutivos de Induveca, Yolesky Guti\u00e9rrez supervisor de ventas y Solanyi Santana supervisora de promoci\u00f3n de eventos entregaron la copa del torneo n\u00famero XXVI.<\/p>\n<p>Los clubes anuncian refuerzos<\/p>\n<p>Los campeones del club San Sebasti\u00e1n tendr\u00e1n este a\u00f1o a Robert Glenn y JJ Moore con Santos Ceballos como su dirigente.<\/p>\n<p>Los sub-campeones del Don Bosco al capitale\u00f1o Juan Guerrero y el dirigente ser\u00e1 Richard Ortega. La Cancha colocar\u00e1 en cancha a los norteamericanos Todd Mayo y Eric Frederick y el mocano Rob\u00edn Zapata dirigente.<\/p>\n<p>El Jos\u00e9 Horacio Rodr\u00edguez anunciar\u00e1 en los pr\u00f3ximos d\u00edas sus refuerzos, ya que esperan que termine el Torneo del Distrito Nacional y tendr\u00e1n otras contrataciones, su dirigente es el vegano Junior Garc\u00eda.<\/p>\n<p>El certamen que ser\u00e1 transmitido por el canal 58 de Tele Viaducto canal 3, tendr\u00e1 una serie regular de 18 partidos, una semifinal de 5-3 y una serie final de 7-4. Tambi\u00e9n anunciaron que la entrada VIP costar\u00e1 150 pesos, en gradas general 50 pesos y tabloncillo 500:00 pesos.<\/p>\n<p>Jornada Inaugural<\/p>\n<p>El viernes 12 comenzar\u00e1 con doble jornada a las 7:00 de la noche La Cancha y el Jos\u00e9 Horacio y el segundo encuentro a las 9:00 de la noche, los campeones del San Sebasti\u00e1n se enfrentan al Don Bosco sub-campeones de la justa pasada.<\/p>\n<div class=\"wpcnt\"><\/div>\n","protected":false},"excerpt":{"rendered":"<p>El Torneo de Baloncesto Superior de Espaillat (BSE), en su versi\u00f3n n\u00famero XXVI iniciar\u00e1 este viernes 12 de julio en el Polideportivo \u201cJos\u00e9 S\u00e1nchez P\u00e9rez\u201d con una doble jornada en disputa de la copa Induveca.<\/p>\n","protected":false},"author":19,"featured_media":57563,"comment_status":"closed","ping_status":"closed","sticky":false,"template":"","format":"standard","meta":[],"categories":[2,60],"tags":[],"acf":[],"_links":{"self":[{"href":"https:\/\/colimdo.org\/wp-api\/wp\/v2\/posts\/57562"}],"collection":[{"href":"https:\/\/colimdo.org\/wp-api\/wp\/v2\/posts"}],"about":[{"href":"https:\/\/colimdo.org\/wp-api\/wp\/v2\/types\/post"}],"author":[{"embeddable":true,"href":"https:\/\/colimdo.org\/wp-api\/wp\/v2\/users\/19"}],"replies":[{"embeddable":true,"href":"https:\/\/colimdo.org\/wp-api\/wp\/v2\/comments?post=57562"}],"version-history":[{"count":1,"href":"https:\/\/colimdo.org\/wp-api\/wp\/v2\/posts\/57562\/revisions"}],"predecessor-version":[{"id":57564,"href":"https:\/\/colimdo.org\/wp-api\/wp\/v2\/posts\/57562\/revisions\/57564"}],"wp:featuredmedia":[{"embeddable":true,"href":"https:\/\/colimdo.org\/wp-api\/wp\/v2\/media\/57563"}],"wp:attachment":[{"href":"https:\/\/colimdo.org\/wp-api\/wp\/v2\/media?parent=57562"}],"wp:term":[{"taxonomy":"category","embeddable":true,"href":"https:\/\/colimdo.org\/wp-api\/wp\/v2\/categories?post=57562"},{"taxonomy":"post_tag","embeddable":true,"href":"https:\/\/colimdo.org\/wp-api\/wp\/v2\/tags?post=57562"}],"curies":[{"name":"wp","href":"https:\/\/api.w.org\/{rel}","templated":true}]}}