{"id":57594,"date":"2019-07-10T15:24:56","date_gmt":"2019-07-10T15:24:56","guid":{"rendered":"https:\/\/colimdo.org\/?p=57594"},"modified":"2019-07-10T15:24:56","modified_gmt":"2019-07-10T15:24:56","slug":"beisbol-rd-inicia-entrenamientos-cara-juegos-panamericanos","status":"publish","type":"post","link":"https:\/\/colimdo.org\/noticias\/beisbol-rd-inicia-entrenamientos-cara-juegos-panamericanos\/","title":{"rendered":"B\u00e9isbol de RD inicia sus entrenamientos de cara a Juegos Panamericanos"},"content":{"rendered":"<p>Santo Domingo &#8211; El combinado dominicano de b\u00e9isbol masculino que estar\u00e1 en los XVIII Juegos Panamericanos Lima 2019, inicia sus entrenamientos este mi\u00e9rcoles 10 de julio, a partir de las 3:00 de la tarde, en el Estadio Quisqueya Juan Marichal.<\/p>\n<p>El anunci\u00f3 lo hizo el Gerente General de la selecci\u00f3n nacional, Jos\u00e9 G\u00f3mez Fr\u00edas a trav\u00e9s de Twitter.<\/p>\n<p>\u201cEl grupo base ser\u00e1 de jugadores de la Liga de Verano de la Federaci\u00f3n Dominicana de B\u00e9isbol y la pr\u00f3xima semana se unir\u00e1n jugadores de Liga Independiente y Minor League Baseball\u201d, expres\u00f3 el gerente en su publicaci\u00f3n.<\/p>\n<p>Tambi\u00e9n expres\u00f3 que Pedro L\u00f3pez ser\u00e1 el dirigente de la escuadra, quien viene de ganar el Pre-Panamericano que se jug\u00f3 en Brasil a inicios del a\u00f1o, junto a Wilton Ch\u00e1vez, F\u00e9lix Jos\u00e9 y Silvestre Campusano como sus principales coaches.<\/p>\n<p>La selecci\u00f3n nacional de b\u00e9isbol conforma el Grupo A en Lima 2019, junto a Per\u00fa, Nicaragua y Puerto Rico.<\/p>\n<p>Mientras el Grupo B, lo conforman las selecciones de Colombia, Canad\u00e1, Cuba y Argentina.<\/p>\n","protected":false},"excerpt":{"rendered":"<p>Los entrenamientos inician hoy a partir de las 3:00 de la tarde, en el Estadio Quisqueya Juan Marichal.<\/p>\n","protected":false},"author":16,"featured_media":57595,"comment_status":"closed","ping_status":"closed","sticky":false,"template":"","format":"standard","meta":[],"categories":[2,60],"tags":[],"acf":[],"_links":{"self":[{"href":"https:\/\/colimdo.org\/wp-api\/wp\/v2\/posts\/57594"}],"collection":[{"href":"https:\/\/colimdo.org\/wp-api\/wp\/v2\/posts"}],"about":[{"href":"https:\/\/colimdo.org\/wp-api\/wp\/v2\/types\/post"}],"author":[{"embeddable":true,"href":"https:\/\/colimdo.org\/wp-api\/wp\/v2\/users\/16"}],"replies":[{"embeddable":true,"href":"https:\/\/colimdo.org\/wp-api\/wp\/v2\/comments?post=57594"}],"version-history":[{"count":1,"href":"https:\/\/colimdo.org\/wp-api\/wp\/v2\/posts\/57594\/revisions"}],"predecessor-version":[{"id":57596,"href":"https:\/\/colimdo.org\/wp-api\/wp\/v2\/posts\/57594\/revisions\/57596"}],"wp:featuredmedia":[{"embeddable":true,"href":"https:\/\/colimdo.org\/wp-api\/wp\/v2\/media\/57595"}],"wp:attachment":[{"href":"https:\/\/colimdo.org\/wp-api\/wp\/v2\/media?parent=57594"}],"wp:term":[{"taxonomy":"category","embeddable":true,"href":"https:\/\/colimdo.org\/wp-api\/wp\/v2\/categories?post=57594"},{"taxonomy":"post_tag","embeddable":true,"href":"https:\/\/colimdo.org\/wp-api\/wp\/v2\/tags?post=57594"}],"curies":[{"name":"wp","href":"https:\/\/api.w.org\/{rel}","templated":true}]}}