{"id":57628,"date":"2019-07-11T06:58:13","date_gmt":"2019-07-11T06:58:13","guid":{"rendered":"https:\/\/colimdo.org\/?p=57628"},"modified":"2019-07-11T06:58:13","modified_gmt":"2019-07-11T06:58:13","slug":"che-garcia-los-vi-contentos-mucha-hambre","status":"publish","type":"post","link":"https:\/\/colimdo.org\/noticias\/che-garcia-los-vi-contentos-mucha-hambre\/","title":{"rendered":"&#8220;Che&#8221; Garc\u00eda: \u201cLos vi muy contentos y con mucha hambre\u201d"},"content":{"rendered":"<p>SANTO DOMINGO.- El primer entrenamiento oficial de la preselecci\u00f3n nacional de la Rep\u00fablica Dominicana este mi\u00e9rcoles en el Palacio de los Deportes dej\u00f3 satisfecho al entrenador N\u00e9stor \u201cChe\u201d Garc\u00eda.<\/p>\n<p>Garc\u00eda, adem\u00e1s de declarar el \u201cenorme placer de poder representar a un pa\u00eds con tanta historia de baloncesto\u201d, indic\u00f3 que sinti\u00f3 a los jugadores con muchas ganas y pasi\u00f3n de vestir la camiseta tricolor.<\/p>\n<p>\u201cHicimos muchas evaluaciones f\u00edsicas, explicamos nuestra forma de trabajar, enfocamos una parte en la defensa y la verdad es que los vi muy contentos y con mucha hambre\u201d, indic\u00f3 el t\u00e9cnico tras la pr\u00e1ctica.<\/p>\n<p>\u201cEso es lo que hay que tener para representar a un pa\u00eds y llevarlo a lo m\u00e1s alto posible\u201d, sigui\u00f3 diciendo.<\/p>\n<p>En tal sentido Garc\u00eda tambi\u00e9n explic\u00f3 que pretende que en el grupo haya total compromiso, amor total a una bandera y orgullo de representar a todo un pa\u00eds y su gente.<\/p>\n<p>\u201cHay que ser inteligente para jugar el b\u00e1squet, pero lo que m\u00e1s pido son esas tres cosas\u201d, agreg\u00f3.<\/p>\n<p>Durante la primera sesi\u00f3n del equipo que se prepara para los Juegos Panamericanos de Lima 2019 estuvieron los armadores Gelvis Solano y Brandone Francis, as\u00ed como tambi\u00e9n el tirador Dagoberto Pe\u00f1a y los aleros L.J. Figueroa y Sadiel Rojas.<\/p>\n<p>Tambi\u00e9n participaron los delanteros de poder Juan Jos\u00e9 Garc\u00eda y Juan Guerrero, adem\u00e1s del centro Luis Santos.<\/p>\n<p>Luis David Montero hizo acto de presencia en la media naranja tras llegar al pa\u00eds al medio d\u00eda desde Venezuela y Juan Miguel Suero tambi\u00e9n estuvo presente. Ambos estar\u00edan en acci\u00f3n muy pronto.<\/p>\n<p>Doble pr\u00e1ctica este jueves<\/p>\n<p>Durante la ma\u00f1ana de este jueves el equipo entrenar\u00e1 desde las 10:30 hasta las 12:30 del medio d\u00eda, mientras que la segunda sesi\u00f3n ser\u00e1 desde las 6:30 de la tarde hasta las 8:30 de la noche.<\/p>\n","protected":false},"excerpt":{"rendered":"<p>La preselecci\u00f3n que se prepara para los Panamericanos de Lima 2019 realiz\u00f3 su primera practica este mi\u00e9rcoles en el Palacio de los Deportes<\/p>\n","protected":false},"author":19,"featured_media":57629,"comment_status":"closed","ping_status":"closed","sticky":false,"template":"","format":"standard","meta":[],"categories":[2,60],"tags":[],"acf":[],"_links":{"self":[{"href":"https:\/\/colimdo.org\/wp-api\/wp\/v2\/posts\/57628"}],"collection":[{"href":"https:\/\/colimdo.org\/wp-api\/wp\/v2\/posts"}],"about":[{"href":"https:\/\/colimdo.org\/wp-api\/wp\/v2\/types\/post"}],"author":[{"embeddable":true,"href":"https:\/\/colimdo.org\/wp-api\/wp\/v2\/users\/19"}],"replies":[{"embeddable":true,"href":"https:\/\/colimdo.org\/wp-api\/wp\/v2\/comments?post=57628"}],"version-history":[{"count":1,"href":"https:\/\/colimdo.org\/wp-api\/wp\/v2\/posts\/57628\/revisions"}],"predecessor-version":[{"id":57630,"href":"https:\/\/colimdo.org\/wp-api\/wp\/v2\/posts\/57628\/revisions\/57630"}],"wp:featuredmedia":[{"embeddable":true,"href":"https:\/\/colimdo.org\/wp-api\/wp\/v2\/media\/57629"}],"wp:attachment":[{"href":"https:\/\/colimdo.org\/wp-api\/wp\/v2\/media?parent=57628"}],"wp:term":[{"taxonomy":"category","embeddable":true,"href":"https:\/\/colimdo.org\/wp-api\/wp\/v2\/categories?post=57628"},{"taxonomy":"post_tag","embeddable":true,"href":"https:\/\/colimdo.org\/wp-api\/wp\/v2\/tags?post=57628"}],"curies":[{"name":"wp","href":"https:\/\/api.w.org\/{rel}","templated":true}]}}