{"id":57650,"date":"2019-07-11T07:34:17","date_gmt":"2019-07-11T07:34:17","guid":{"rendered":"https:\/\/colimdo.org\/?p=57650"},"modified":"2019-07-11T07:34:17","modified_gmt":"2019-07-11T07:34:17","slug":"mbappe-sub21-mas-valioso-del-mundo-segundo-ano-consecutivo","status":"publish","type":"post","link":"https:\/\/colimdo.org\/noticias\/mbappe-sub21-mas-valioso-del-mundo-segundo-ano-consecutivo\/","title":{"rendered":"Mbapp\u00e9, el sub21 m\u00e1s valioso del mundo por segundo a\u00f1o consecutivo"},"content":{"rendered":"<p>EL NUEVO DIARIO, Madrid.- El franc\u00e9s Kylian Mbapp\u00e9 encabeza el r\u00e1nking de los jugadores menores de 21 a\u00f1os m\u00e1s valiosos del mundo por segundo curso consecutivo, con 261,6 millones de euros, seg\u00fan la lista publicada por Soccerex y Prime Time Sport, en la que no hay ning\u00fan espa\u00f1ol entre los 20 primeros por primera vez desde que se elabora el r\u00e1nking.<\/p>\n<p>De acuerdo con la quinta edici\u00f3n del informe anual elaborado por Soccerex y Prime Time Sport, el delantero franc\u00e9s del PSG es el futbolista nacido a partir del 1 de enero de 1998 m\u00e1s valorado en la actualidad, en base a su edad, su posici\u00f3n, su club, su contrato, su valor de mercado, su n\u00famero de internacionalidades, sus registros goleadores, la cantidad de minutos disputados o las lesiones entre otras cuestiones t\u00e9cnicas.<\/p>\n<p>El astro de Bondy aument\u00f3 su valor con respecto al a\u00f1o pasado y duplica el valor de su inmediato perseguidor en el top 20 de j\u00f3venes talentos analizados en el informe, el extremo ingl\u00e9s del Borussia Dortmund Jadon Sacho (120,3 millones de euros), y triplica el del tercer ocupante de la lista, el central neerland\u00e9s Mathijs De Ligt (74,5 millones).<\/p>\n<p>A sus 19 a\u00f1os y gracias a su deslumbrante temporada en Alemania, en la que se ha destapado como uno de los jugadores m\u00e1s productivos de las grandes ligas europeas, Sancho lidera el grupo de prometedores ingleses que aparecen en la lista, tales como Trent Alexander-Arnold (73,6 millones), Phil Foden (40,8), Declan Rice (39), Ryan Sessegnon (33,8) o Callum Hudson-Odoi (31,7).<\/p>\n<p>Francia es el segundo pa\u00eds m\u00e1s representado en el informe, pues a Mbapp\u00e9 se suman el \u2018gunner\u2019 Matt\u00e9o Guendouzi (42,8 millones), el centrocampista del Olympique de Lyon Houssem Aouar (41,6) o el central del RB Leipzig Ibrahima Konat\u00e9 (36,3).<\/p>\n<p>Brasil, con Vinicius (60,2) y Rodrygo (35,3) e Italia, con Donnarumma (67,9) y Zaniolo (45,3), aportan dos jugadores, mientras que Portugal (Joao F\u00e9lix), Alemania (Havertz), Pa\u00edses Bajos (De Ligt), Estados Unidos (Pulisic) y Nigeria (Samu Chukwueze) suman uno de sus talentos a la lista.<\/p>\n<p>A pesar de ello, LaLiga contar\u00e1 en su d\u00eda a d\u00eda con cinco de los 20 integrantes, tres de ellos en el\u00a0Real\u00a0Madrid\u00a0as\u00ed como Joao F\u00e9lix, el sexto jugador m\u00e1s valorado del r\u00e1nking, en el Atl\u00e9tico de\u00a0Madrid\u00a0y Samu en el Villarreal.<\/p>\n<p>El portugu\u00e9s es el \u00fanico de todos los jugadores analizados por Soccerex que ha sido traspasado por una cantidad de m\u00e1s de 5 millones de euros de diferencia sobre el valor registrado en el informe. \u201cQue el Atl\u00e9tico deposite su cl\u00e1usula (126 millones de euros, frente a los 71,8 del informe) es un indicador del indudable talento del jugador y de su voluntad por apostar m\u00e1s en su potencial que en su valor de mercado actual, as\u00ed como un fant\u00e1stico negocio para el Benfica\u201d, se explica en las conclusiones.<\/p>\n<p>En la lista tampoco aparecen delanteros de \u00e1rea y referencia, aunque 12 de los 20 j\u00f3venes ocupan la zona del mediapunta o tienden a arrancar sus jugadas desde los extremos. Cuatro defensores (dos centrales y dos laterales, entendiendo a Militao como tal), tres centrocampistas y un portero, en la aparici\u00f3n de Donnarumma por cuarto a\u00f1o consecutivo, completan el informe.<\/p>\n<p>As\u00ed, el valor general de la lista aument\u00f3 un 5,8% respecto al a\u00f1o pasado y un 16,5% en el valor de los jugadores que forman el top 5. \u201cUna normalizaci\u00f3n del mercado en la que los valores han aumentado de forma paralela a las tendencias generales\u201d, dicta el informe, que el a\u00f1o pasado creci\u00f3 un 66% sobre el 2017 y un 73% en su top 5.<\/p>\n","protected":false},"excerpt":{"rendered":"<p>EL NUEVO DIARIO, Madrid.- El franc\u00e9s Kylian Mbapp\u00e9 encabeza el r\u00e1nking de los jugadores menores de 21 a\u00f1os m\u00e1s valiosos del mundo por segundo curso consecutivo, con 261,6 millones de euros, seg\u00fan la lista publicada por Soccerex y Prime Time Sport, en la que no hay ning\u00fan espa\u00f1ol entre los 20 primeros por primera vez [&hellip;]<\/p>\n","protected":false},"author":19,"featured_media":57651,"comment_status":"closed","ping_status":"closed","sticky":false,"template":"","format":"standard","meta":[],"categories":[2,60],"tags":[],"acf":[],"_links":{"self":[{"href":"https:\/\/colimdo.org\/wp-api\/wp\/v2\/posts\/57650"}],"collection":[{"href":"https:\/\/colimdo.org\/wp-api\/wp\/v2\/posts"}],"about":[{"href":"https:\/\/colimdo.org\/wp-api\/wp\/v2\/types\/post"}],"author":[{"embeddable":true,"href":"https:\/\/colimdo.org\/wp-api\/wp\/v2\/users\/19"}],"replies":[{"embeddable":true,"href":"https:\/\/colimdo.org\/wp-api\/wp\/v2\/comments?post=57650"}],"version-history":[{"count":1,"href":"https:\/\/colimdo.org\/wp-api\/wp\/v2\/posts\/57650\/revisions"}],"predecessor-version":[{"id":57652,"href":"https:\/\/colimdo.org\/wp-api\/wp\/v2\/posts\/57650\/revisions\/57652"}],"wp:featuredmedia":[{"embeddable":true,"href":"https:\/\/colimdo.org\/wp-api\/wp\/v2\/media\/57651"}],"wp:attachment":[{"href":"https:\/\/colimdo.org\/wp-api\/wp\/v2\/media?parent=57650"}],"wp:term":[{"taxonomy":"category","embeddable":true,"href":"https:\/\/colimdo.org\/wp-api\/wp\/v2\/categories?post=57650"},{"taxonomy":"post_tag","embeddable":true,"href":"https:\/\/colimdo.org\/wp-api\/wp\/v2\/tags?post=57650"}],"curies":[{"name":"wp","href":"https:\/\/api.w.org\/{rel}","templated":true}]}}