{"id":57674,"date":"2019-07-11T15:46:20","date_gmt":"2019-07-11T15:46:20","guid":{"rendered":"https:\/\/colimdo.org\/?p=57674"},"modified":"2019-07-11T15:46:20","modified_gmt":"2019-07-11T15:46:20","slug":"realizaran-la-quinta-edicion-del-santo-domingo-open-tenis","status":"publish","type":"post","link":"https:\/\/colimdo.org\/noticias\/realizaran-la-quinta-edicion-del-santo-domingo-open-tenis\/","title":{"rendered":"Realizar\u00e1n la quinta edici\u00f3n del Santo Domingo Open de tenis"},"content":{"rendered":"<p>SANTO DOMINGO, COTECC.- Rep\u00fablica Dominicana volver\u00e1 a ser sede del mayor torneo de tenis del \u00e1rea del Caribe, el Santo Domingo Open, torneo del ATP Challenger Tour que se jugar\u00e1 en las canchas de arcilla verde del Santo Domingo Tennis Club la semana del 7 de octubre.<\/p>\n<p>Ser\u00e1 la quinta edici\u00f3n del torneo, que de acuerdo al calendario ATP tendr\u00e1 el m\u00e1ximo nivel entre los eventos de su tipo, otorgando 125 puntos al campe\u00f3n.<\/p>\n<p>La pasada edici\u00f3n del torneo fue conquistada por el chileno Christian Gar\u00edn, quien se coron\u00f3 campe\u00f3n al derrotar en la final al argentino Federico Delbonis, quedando este \u00faltimo como finalista.<\/p>\n","protected":false},"excerpt":{"rendered":"<p>Ser\u00e1 la quinta edici\u00f3n del torneo, que de acuerdo al calendario ATP tendr\u00e1 el m\u00e1ximo nivel entre los eventos de su tipo, otorgando 125 puntos al campe\u00f3n.<\/p>\n","protected":false},"author":16,"featured_media":57675,"comment_status":"closed","ping_status":"closed","sticky":false,"template":"","format":"standard","meta":[],"categories":[2,60],"tags":[],"acf":[],"_links":{"self":[{"href":"https:\/\/colimdo.org\/wp-api\/wp\/v2\/posts\/57674"}],"collection":[{"href":"https:\/\/colimdo.org\/wp-api\/wp\/v2\/posts"}],"about":[{"href":"https:\/\/colimdo.org\/wp-api\/wp\/v2\/types\/post"}],"author":[{"embeddable":true,"href":"https:\/\/colimdo.org\/wp-api\/wp\/v2\/users\/16"}],"replies":[{"embeddable":true,"href":"https:\/\/colimdo.org\/wp-api\/wp\/v2\/comments?post=57674"}],"version-history":[{"count":1,"href":"https:\/\/colimdo.org\/wp-api\/wp\/v2\/posts\/57674\/revisions"}],"predecessor-version":[{"id":57676,"href":"https:\/\/colimdo.org\/wp-api\/wp\/v2\/posts\/57674\/revisions\/57676"}],"wp:featuredmedia":[{"embeddable":true,"href":"https:\/\/colimdo.org\/wp-api\/wp\/v2\/media\/57675"}],"wp:attachment":[{"href":"https:\/\/colimdo.org\/wp-api\/wp\/v2\/media?parent=57674"}],"wp:term":[{"taxonomy":"category","embeddable":true,"href":"https:\/\/colimdo.org\/wp-api\/wp\/v2\/categories?post=57674"},{"taxonomy":"post_tag","embeddable":true,"href":"https:\/\/colimdo.org\/wp-api\/wp\/v2\/tags?post=57674"}],"curies":[{"name":"wp","href":"https:\/\/api.w.org\/{rel}","templated":true}]}}