{"id":57677,"date":"2019-07-11T16:26:44","date_gmt":"2019-07-11T16:26:44","guid":{"rendered":"https:\/\/colimdo.org\/?p=57677"},"modified":"2019-07-11T16:32:49","modified_gmt":"2019-07-11T16:32:49","slug":"luis-montero-la-decision-horford-nos-sorprendio-nos-dolio-todos","status":"publish","type":"post","link":"https:\/\/colimdo.org\/noticias\/luis-montero-la-decision-horford-nos-sorprendio-nos-dolio-todos\/","title":{"rendered":"Luis Montero: \u201cLa decisi\u00f3n de Horford nos sorprendi\u00f3 y nos doli\u00f3 a todos\u201d"},"content":{"rendered":"<p><strong>SANTO DOMINGO, JORGE LUIS TORRES<\/strong>.- La selecci\u00f3n dominicana de baloncesto inici\u00f3 sus pr\u00e1cticas el pasado mi\u00e9rcoles con \u00a0los preseleccionados que partir\u00e1n el pr\u00f3ximo 26 de julio a Lima, para los Juegos Panamericanos.<\/p>\n<p>El ex NBA Luis David Montero, lleg\u00f3 ayer al pa\u00eds \u00a0luego de reforzar la Liga Profesional de Baloncesto de Venezuela (LPB). De ese mismo modo, \u201cPinguil\u00edn\u201d, manifest\u00f3 sus deseos de volver a representar la Rep\u00fablica Dominicana.<\/p>\n<p>\u201cEstamos preparados mental y f\u00edsicamente, listo para la batalla y dar lo mejor de nosotros en este nuevo reto que enfrentaremos\u201d, expres\u00f3 el miembro de la selecci\u00f3n nacional de baloncesto.<\/p>\n<p>Sin embargo, los quisqueyanos lamentaron la noticia que uno de sus m\u00e1ximos representantes en la NBA, Al Horford, \u00a0no participar\u00e1 en el Mundial de China 2019, que ser\u00e1 celebrado del 31 de agosto hasta el 15 de septiembre.<\/p>\n<p>\u201cNos sorprendi\u00f3 la noticia y nos doli\u00f3 a todos pero hay que entender su decisi\u00f3n, yo entiendo lo que viene para \u00e9l, s\u00e9 lo que le aproxima, sino se pudo ahora habr\u00e1 m\u00e1s tiempo\u201d, adujo el ex NBA.<\/p>\n<p>En ese mismo sentido, los dominicanos siguen esperando la decisi\u00f3n de Karl-Anthony Towns, quien todav\u00eda es una interrogante si vestir\u00e1 el uniforme dominicano en el Mundial.<\/p>\n<p>\u201cDios mediante \u00e9l jugar\u00e1 con nosotros, yo espero que \u00e9l quiera estar aqu\u00ed, tengo fe de que lo tendremos con el equipo\u201d, coment\u00f3 Luis David sobre la posible presencia de Towns con el equipo dominicano.<\/p>\n<p>\u201cLa selecci\u00f3n del pueblo\u201d como popularmente le llaman, tuvieron la asistencia de siete jugadores de los preseleccionados en las pr\u00e1cticas de ayer, las mismas tuvieron lugar en el Palacio de los Deportes, Virgilio Travieso Soto.<\/p>\n<p>Las dem\u00e1s pr\u00e1cticas iniciaron hoy a las 10:30 de la ma\u00f1ana hasta las 12:30 del mediod\u00eda. Asimismo, los representantes de la bandera tricolor practicar\u00e1n a las 6:30 de la tarde hasta las 8:30 de la noche.<\/p>\n<p>El resto corresponden \u00a0al viernes 12 de\u00a0 3:00pm hasta las 5:00pm y el s\u00e1bado 13, de 10:30am a 12:30pm y de \u00a06:30pm hasta\u00a0 las 8:30pm.<\/p>\n","protected":false},"excerpt":{"rendered":"<p>El ex NBA Luis David Montero, lleg\u00f3 ayer al pa\u00eds \u00a0luego de reforzar la Liga Profesional de Baloncesto de Venezuela (LPB). De ese mismo modo, \u201cPinguil\u00edn\u201d, manifest\u00f3 sus deseos de volver a representar la Rep\u00fablica Dominicana.<\/p>\n","protected":false},"author":19,"featured_media":57678,"comment_status":"closed","ping_status":"closed","sticky":false,"template":"","format":"standard","meta":[],"categories":[2,60],"tags":[],"acf":[],"_links":{"self":[{"href":"https:\/\/colimdo.org\/wp-api\/wp\/v2\/posts\/57677"}],"collection":[{"href":"https:\/\/colimdo.org\/wp-api\/wp\/v2\/posts"}],"about":[{"href":"https:\/\/colimdo.org\/wp-api\/wp\/v2\/types\/post"}],"author":[{"embeddable":true,"href":"https:\/\/colimdo.org\/wp-api\/wp\/v2\/users\/19"}],"replies":[{"embeddable":true,"href":"https:\/\/colimdo.org\/wp-api\/wp\/v2\/comments?post=57677"}],"version-history":[{"count":2,"href":"https:\/\/colimdo.org\/wp-api\/wp\/v2\/posts\/57677\/revisions"}],"predecessor-version":[{"id":57680,"href":"https:\/\/colimdo.org\/wp-api\/wp\/v2\/posts\/57677\/revisions\/57680"}],"wp:featuredmedia":[{"embeddable":true,"href":"https:\/\/colimdo.org\/wp-api\/wp\/v2\/media\/57678"}],"wp:attachment":[{"href":"https:\/\/colimdo.org\/wp-api\/wp\/v2\/media?parent=57677"}],"wp:term":[{"taxonomy":"category","embeddable":true,"href":"https:\/\/colimdo.org\/wp-api\/wp\/v2\/categories?post=57677"},{"taxonomy":"post_tag","embeddable":true,"href":"https:\/\/colimdo.org\/wp-api\/wp\/v2\/tags?post=57677"}],"curies":[{"name":"wp","href":"https:\/\/api.w.org\/{rel}","templated":true}]}}