{"id":57697,"date":"2019-07-12T00:39:58","date_gmt":"2019-07-12T00:39:58","guid":{"rendered":"https:\/\/colimdo.org\/?p=57697"},"modified":"2019-07-12T00:39:58","modified_gmt":"2019-07-12T00:39:58","slug":"resaltan-elegancia-vistosidad-indumentaria-team-dom-panam-lima","status":"publish","type":"post","link":"https:\/\/colimdo.org\/noticias\/resaltan-elegancia-vistosidad-indumentaria-team-dom-panam-lima\/","title":{"rendered":"Resaltan elegancia y vistosidad indumentaria Team Dom Panam Lima"},"content":{"rendered":"<p class=\"x_ydpe075e0e1MsoNoSpacing\"><b><span lang=\"ES-DO\">SANTO DOMINGO<\/span><\/b><span lang=\"ES-DO\">. Con elegancia y los m\u00e1s actualizados est\u00e1ndares, el Comit\u00e9 Ol\u00edmpico Dominicano (COD) present\u00f3 la vestimenta que utilizar\u00e1n los atletas en los XVIII Juegos Panamericanos que se celebrar\u00e1n del 26 de este mes al 11 de agosto en Lima, Per\u00fa.<\/span><\/p>\n<p class=\"x_ydpe075e0e1MsoNoSpacing\"><span lang=\"ES-DO\">La vistosa presentaci\u00f3n se llev\u00f3 a cabo este jueves en la tarde en la explanada principal de la plaza Sambil, y en la que estuvieron presentes el empresario Felipe Vicini, presidente de Creso; Luis Mej\u00eda Oviedo, presidente del COD; Tony Mesa, director t\u00e9cnico del Ministerio de Deportes, as\u00ed como atletas, presidentes de federaciones y miembros del comit\u00e9 ejecutivo del COD.<\/span><\/p>\n<p class=\"x_ydpe075e0e1MsoNoSpacing\"><span lang=\"ES-DO\">Atletas de las disciplinas de karate, judo, pentatl\u00f3n moderno, lucha y triatl\u00f3n desfilaron en la pasarela con las distintas indumentarias confeccionadas por la marca Joma Sport y Opal Jean para los miembros de la delegaci\u00f3n que representar\u00e1 al pa\u00eds en la cita multideportiva.<\/span><\/p>\n<p class=\"x_ydpe075e0e1MsoNoSpacing\"><span lang=\"ES-DO\">La primera fase del desfile puesta a la consideraci\u00f3n de la concurrida audiencia incluy\u00f3 pantal\u00f3n deportivo largo (mono), jacquet y tenis, mientras que la segunda presentaci\u00f3n estuvo conformada por camiseta, pantal\u00f3n corto, gorra, sandalia y medias blancas.<\/span><\/p>\n<p class=\"x_ydpe075e0e1MsoNoSpacing\"><span lang=\"ES-DO\">En la tercera ocasi\u00f3n los atletas mostraron otro pantal\u00f3n largo de ejercicio (mono), un jacquet con gorro incluido, bulto, mochila y tenis azules, en tanto que la vestimenta del desfile tiene chaqueta azul, sombrero, pantal\u00f3n largo color kaki, tenis, t-shirt blanco mangas largas cuello tortuga y \u00a0una bufanda con los colores de la bandera.<\/span><\/p>\n<p class=\"x_ydpe075e0e1MsoNoSpacing\"><span lang=\"ES-DO\">Edi Medina, presidente de Opal Jean, manifest\u00f3 durante su intervenci\u00f3n, que la ropa es de \u00faltima generaci\u00f3n y que est\u00e1 fundamentada y confeccionado a ra\u00edz del clima fr\u00edo que predomina en los actuales momentos en Per\u00fa.<\/span><\/p>\n<p class=\"x_ydpe075e0e1MsoNoSpacing\"><span lang=\"ES-DO\">Nelson Jos\u00e9 Ram\u00edrez, miembro del comit\u00e9 ejecutivo del COD, tuvo las palabras de motivaci\u00f3n del encuentro, explicando el motivo del encuentro y el trabajo realizado para la delegaci\u00f3n est\u00e9 c\u00f3modamente vestida durante su estad\u00eda en los Juegos Panamericanos de Lima, Per\u00fa.<\/span><\/p>\n<p class=\"x_ydpe075e0e1MsoNoSpacing\"><span lang=\"ES-DO\">Mientras, el director t\u00e9cnico del Ministerio de Deportes, Tony Mesa, manifest\u00f3 que la preparaci\u00f3n de la delegaci\u00f3n \u201cva en buen camino y con la exhibici\u00f3n de la indumentaria, seguimos trabajando\u201d.<\/span><\/p>\n<p class=\"x_ydpe075e0e1MsoNoSpacing\"><span lang=\"ES-DO\">El funcionario explic\u00f3 que el objetivo de la delegaci\u00f3n es seguir creciendo para llegar al top-ten como pa\u00eds en los Juegos Panamericanos de Lima.<\/span><\/p>\n<p class=\"x_ydpe075e0e1MsoNoSpacing\"><span lang=\"ES-DO\">Luis Mej\u00eda, presidente del COD, se\u00f1al\u00f3 que m\u00e1s que vistosidad, el objetivo es que el atleta se sienta c\u00f3modo e identificado con el vestuario que lo representa como pa\u00eds.<\/span><\/p>\n<p class=\"x_ydpe075e0e1MsoNoSpacing\"><span lang=\"ES-DO\">En tanto que Garibaldy Bautista, Jefe de Misi\u00f3n de la Delegaci\u00f3n Dominicana, explic\u00f3 que todo est\u00e1 listo en Lima para los Juegos y que los atletas estar\u00e1n bien c\u00f3modos en la Villa.<\/span><\/p>\n<p class=\"x_ydpe075e0e1MsoNoSpacing\"><span lang=\"ES-DO\">\u201cEstuvimos en un recorrido por las distintas obras de los juegos. Todo est\u00e1 listo\u201d, insisti\u00f3 Bautista, quien manifest\u00f3 que estaba en Per\u00fa coordinando toda la log\u00edstica de la llegada de la delegaci\u00f3n a esa naci\u00f3n.<\/span><\/p>\n<p class=\"x_ydpe075e0e1MsoNoSpacing\"><span lang=\"ES-DO\">Al cierre de la presentaci\u00f3n, el inmortal del Deporte, Franchy Prats, tuvo palabras de motivaci\u00f3n para los atletas, al tiempo de resaltar la elegancia y vistosidad de la indumentaria presentada en el desfile de presentaci\u00f3n.<\/span><\/p>\n","protected":false},"excerpt":{"rendered":"<p>Atletas de las disciplinas de karate, judo, pentatl\u00f3n moderno, lucha y triatl\u00f3n desfilaron en la pasarela con las distintas indumentarias confeccionadas por la marca Joma Sport y Opal Jean para los miembros de la delegaci\u00f3n que representar\u00e1 al pa\u00eds en la cita multideportiva.<\/p>\n","protected":false},"author":16,"featured_media":57698,"comment_status":"closed","ping_status":"closed","sticky":false,"template":"","format":"standard","meta":[],"categories":[2,60],"tags":[],"acf":[],"_links":{"self":[{"href":"https:\/\/colimdo.org\/wp-api\/wp\/v2\/posts\/57697"}],"collection":[{"href":"https:\/\/colimdo.org\/wp-api\/wp\/v2\/posts"}],"about":[{"href":"https:\/\/colimdo.org\/wp-api\/wp\/v2\/types\/post"}],"author":[{"embeddable":true,"href":"https:\/\/colimdo.org\/wp-api\/wp\/v2\/users\/16"}],"replies":[{"embeddable":true,"href":"https:\/\/colimdo.org\/wp-api\/wp\/v2\/comments?post=57697"}],"version-history":[{"count":1,"href":"https:\/\/colimdo.org\/wp-api\/wp\/v2\/posts\/57697\/revisions"}],"predecessor-version":[{"id":57699,"href":"https:\/\/colimdo.org\/wp-api\/wp\/v2\/posts\/57697\/revisions\/57699"}],"wp:featuredmedia":[{"embeddable":true,"href":"https:\/\/colimdo.org\/wp-api\/wp\/v2\/media\/57698"}],"wp:attachment":[{"href":"https:\/\/colimdo.org\/wp-api\/wp\/v2\/media?parent=57697"}],"wp:term":[{"taxonomy":"category","embeddable":true,"href":"https:\/\/colimdo.org\/wp-api\/wp\/v2\/categories?post=57697"},{"taxonomy":"post_tag","embeddable":true,"href":"https:\/\/colimdo.org\/wp-api\/wp\/v2\/tags?post=57697"}],"curies":[{"name":"wp","href":"https:\/\/api.w.org\/{rel}","templated":true}]}}