{"id":57720,"date":"2019-07-12T03:49:26","date_gmt":"2019-07-12T03:49:26","guid":{"rendered":"https:\/\/colimdo.org\/?p=57720"},"modified":"2019-07-12T03:49:26","modified_gmt":"2019-07-12T03:49:26","slug":"san-cristobal-sera-sede-del-preolimpico-futbol","status":"publish","type":"post","link":"https:\/\/colimdo.org\/noticias\/san-cristobal-sera-sede-del-preolimpico-futbol\/","title":{"rendered":"San Cristobal ser\u00e1 sede del Preol\u00edmpico de f\u00fatbol"},"content":{"rendered":"<p>DIARIO LIBRE.-\u00a0La Rep\u00fablica Dominicana acoger\u00e1 el Grupo D en la ronda preliminar del campeonato Preol\u00edmpico de Concacaf, en el estadio Panamericano de San Crist\u00f3bal, entre el 17 y el 21 del presente mes.<\/p>\n<p>Manuel Luna, presidente de la Comisi\u00f3n de Normalizaci\u00f3n de la Federaci\u00f3n Dominicana de F\u00fatbol, dio a conocer la informaci\u00f3n en compa\u00f1\u00eda de Alba Rodr\u00edguez, directora ejecutiva de Save The Children, en una conferencia de prensa celebrada en el local de Fedof\u00fatbol este jueves.<\/p>\n<p>Santa Luc\u00eda, Antigua y Barbuda y Puerto Rico comparten el Grupo D con el pa\u00eds. El torneo de f\u00fatbol de los Juegos Ol\u00edmpicos se juega en la categor\u00eda sub-23.<\/p>\n<p>El mi\u00e9rcoles 17, Rep\u00fablica Dominicana se enfrentar\u00e1 a Santa Luc\u00eda a segunda hora, pautada para las 4:30 de la tarde. Antigua y Barbuda se medir\u00e1 a Puerto Rico en la apertura, desde las 2:00 de la tarde.<\/p>\n<p>El viernes 19, San Luc\u00eda abre contra Puerto Rico y Dominicana cierra ante Antigua y Barbuda. El cierre ser\u00e1 el domingo 21 con Santa Luc\u00eda versus Antigua y Barbuda y luego Dominicana y Puerto Rico. Esta eliminatoria dar\u00e1 un cupo para la siguiente fase del Preol\u00edmpico.<\/p>\n<p>Save The Children desarrolla programas de salud, nutrici\u00f3n, educaci\u00f3n y protecci\u00f3n en favor de los ni\u00f1os en riesgos de exclusi\u00f3n social.<\/p>\n","protected":false},"excerpt":{"rendered":"<p>Manuel Luna, presidente de la Comisi\u00f3n de Normalizaci\u00f3n de la Federaci\u00f3n Dominicana de F\u00fatbol, dio a conocer la informaci\u00f3n en compa\u00f1\u00eda de Alba Rodr\u00edguez, directora ejecutiva de Save The Children, en una conferencia de prensa celebrada en el local de Fedof\u00fatbol este jueves.<\/p>\n","protected":false},"author":19,"featured_media":57721,"comment_status":"closed","ping_status":"closed","sticky":false,"template":"","format":"standard","meta":[],"categories":[2,60],"tags":[],"acf":[],"_links":{"self":[{"href":"https:\/\/colimdo.org\/wp-api\/wp\/v2\/posts\/57720"}],"collection":[{"href":"https:\/\/colimdo.org\/wp-api\/wp\/v2\/posts"}],"about":[{"href":"https:\/\/colimdo.org\/wp-api\/wp\/v2\/types\/post"}],"author":[{"embeddable":true,"href":"https:\/\/colimdo.org\/wp-api\/wp\/v2\/users\/19"}],"replies":[{"embeddable":true,"href":"https:\/\/colimdo.org\/wp-api\/wp\/v2\/comments?post=57720"}],"version-history":[{"count":1,"href":"https:\/\/colimdo.org\/wp-api\/wp\/v2\/posts\/57720\/revisions"}],"predecessor-version":[{"id":57722,"href":"https:\/\/colimdo.org\/wp-api\/wp\/v2\/posts\/57720\/revisions\/57722"}],"wp:featuredmedia":[{"embeddable":true,"href":"https:\/\/colimdo.org\/wp-api\/wp\/v2\/media\/57721"}],"wp:attachment":[{"href":"https:\/\/colimdo.org\/wp-api\/wp\/v2\/media?parent=57720"}],"wp:term":[{"taxonomy":"category","embeddable":true,"href":"https:\/\/colimdo.org\/wp-api\/wp\/v2\/categories?post=57720"},{"taxonomy":"post_tag","embeddable":true,"href":"https:\/\/colimdo.org\/wp-api\/wp\/v2\/tags?post=57720"}],"curies":[{"name":"wp","href":"https:\/\/api.w.org\/{rel}","templated":true}]}}