{"id":57729,"date":"2019-07-12T04:10:05","date_gmt":"2019-07-12T04:10:05","guid":{"rendered":"https:\/\/colimdo.org\/?p=57729"},"modified":"2019-07-12T04:10:05","modified_gmt":"2019-07-12T04:10:05","slug":"fijan-mes-julio-xv-juegos-deportivos-nacionales","status":"publish","type":"post","link":"https:\/\/colimdo.org\/noticias\/fijan-mes-julio-xv-juegos-deportivos-nacionales\/","title":{"rendered":"Fijan para mes de julio XV Juegos Deportivos Nacionales"},"content":{"rendered":"<p>LISTIN DIARIO.-\u00a0El Ministro de Deportes, Danilo D\u00edaz, junto a representantes de las organizaciones deportivas de las provincias sedes, as\u00ed como\u00a0 autoridades provinciales y municipales, fijaron del 2 al 11 de julio\u00a0 la fecha de los d\u00e9cimo quinto\u00a0 Juegos Nacionales Deportivos del 2020.<\/p>\n<p>El encuentro donde se fij\u00f3\u00a0 la fecha definitiva de estos juegos se produjo la ma\u00f1ana de este mi\u00e9rcoles en el Ministerio de Deportes, donde estuvo presente Luis\u00edn Mej\u00eda, presidente del Comit\u00e9 Ol\u00edmpico Dominicano, as\u00ed como los senadores Rafael Calder\u00f3n, de Azua; Wilton Guerrero, de Peravia; y Pedro Alegr\u00eda, de San Jos\u00e9 de Ocoa.<\/p>\n<p>Rafael Soto, de la Uni\u00f3n Deportiva de Peravia y Pedro Reyes, de Azua, expresaron\u00a0 su satisfacci\u00f3n por la fijaci\u00f3n de la fecha de los juegos. Soto explic\u00f3 que en el encuentro tambi\u00e9n se trabaj\u00f3 en la lista de las disciplinas deportivas que se jugar\u00e1n en cada una de las provincias; Peravia, San Jos\u00e9 de Ocoa y Azua, que forman la Regi\u00f3n Valdesia, sede los juegos.<\/p>\n<p>El Gobierno proyecta construir complejos habitacionales para alojar los deportistas que accionar\u00e1n en los juegos.<\/p>\n<p>Tambi\u00e9n contempla la remodelaci\u00f3n de instalaciones existentes y construir otras para habilitar escenarios para la celebraci\u00f3n de las competencias.<\/p>\n<p>Los Juegos Deportivos Nacionales es el principal evento deportivo del pa\u00eds y atrae a deportistas residente en el pa\u00eds y en el exterior.<\/p>\n","protected":false},"excerpt":{"rendered":"<p>El Ministro de Deportes, Danilo D\u00edaz, junto a representantes de las organizaciones deportivas de las provincias sedes, as\u00ed como\u00a0 autoridades provinciales y municipales, fijaron del 2 al 11 de julio\u00a0 la fecha de los d\u00e9cimo quinto\u00a0 Juegos Nacionales Deportivos del 2020.<\/p>\n","protected":false},"author":19,"featured_media":57731,"comment_status":"closed","ping_status":"closed","sticky":false,"template":"","format":"standard","meta":[],"categories":[2,60],"tags":[],"acf":[],"_links":{"self":[{"href":"https:\/\/colimdo.org\/wp-api\/wp\/v2\/posts\/57729"}],"collection":[{"href":"https:\/\/colimdo.org\/wp-api\/wp\/v2\/posts"}],"about":[{"href":"https:\/\/colimdo.org\/wp-api\/wp\/v2\/types\/post"}],"author":[{"embeddable":true,"href":"https:\/\/colimdo.org\/wp-api\/wp\/v2\/users\/19"}],"replies":[{"embeddable":true,"href":"https:\/\/colimdo.org\/wp-api\/wp\/v2\/comments?post=57729"}],"version-history":[{"count":2,"href":"https:\/\/colimdo.org\/wp-api\/wp\/v2\/posts\/57729\/revisions"}],"predecessor-version":[{"id":57732,"href":"https:\/\/colimdo.org\/wp-api\/wp\/v2\/posts\/57729\/revisions\/57732"}],"wp:featuredmedia":[{"embeddable":true,"href":"https:\/\/colimdo.org\/wp-api\/wp\/v2\/media\/57731"}],"wp:attachment":[{"href":"https:\/\/colimdo.org\/wp-api\/wp\/v2\/media?parent=57729"}],"wp:term":[{"taxonomy":"category","embeddable":true,"href":"https:\/\/colimdo.org\/wp-api\/wp\/v2\/categories?post=57729"},{"taxonomy":"post_tag","embeddable":true,"href":"https:\/\/colimdo.org\/wp-api\/wp\/v2\/tags?post=57729"}],"curies":[{"name":"wp","href":"https:\/\/api.w.org\/{rel}","templated":true}]}}