{"id":57739,"date":"2019-07-12T15:10:05","date_gmt":"2019-07-12T15:10:05","guid":{"rendered":"https:\/\/colimdo.org\/?p=57739"},"modified":"2019-07-12T15:10:05","modified_gmt":"2019-07-12T15:10:05","slug":"barcelona-oficial-fichaje-antoine-griezmann","status":"publish","type":"post","link":"https:\/\/colimdo.org\/noticias\/barcelona-oficial-fichaje-antoine-griezmann\/","title":{"rendered":"El Barcelona hace oficial el fichaje de Antoine Griezmann"},"content":{"rendered":"<p class=\"canvas-atom canvas-text Mb(1.0em) Mb(0)--sm Mt(0.8em)--sm\">Barcelona, 12 jul (EFE).- El Barcelona hizo oficial este viernes el fichaje del delantero Antoine Griezmann despu\u00e9s de que representantes del internacional franc\u00e9s acudieran esta ma\u00f1ana a la sede de LaLiga en Madrid para abonar los 120 millones de euros de su cl\u00e1usula de rescisi\u00f3n.<\/p>\n<p class=\"canvas-atom canvas-text Mb(1.0em) Mb(0)--sm Mt(0.8em)--sm\">&#8220;El FC Barcelona ha hecho efectiva la cl\u00e1usula de rescisi\u00f3n del jugador Antoine Griezmman, que as\u00ed ha quedado desvinculado de la disciplina del Atl\u00e9tico de Madrid&#8221;, confirm\u00f3 la entidad azulgrana en en un comunicado.<\/p>\n<p class=\"canvas-atom canvas-text Mb(1.0em) Mb(0)--sm Mt(0.8em)--sm\">El delantero, que podr\u00eda ser presentado este pr\u00f3ximo fin de semana para ponerse a las \u00f3rdenes de Ernesto Valverde en el primer entrenamiento del curso que se realizar\u00e1 el pr\u00f3ximo lunes, firmar\u00e1 un contrato con el Barcelona para las cinco pr\u00f3ximas temporadas, hasta el 30 de abril de 2024, y tendr\u00e1 un cl\u00e1usula de rescisi\u00f3n de 800 millones de euros.<\/p>\n<p class=\"canvas-atom canvas-text Mb(1.0em) Mb(0)--sm Mt(0.8em)--sm\">Se trata del tercer fichaje del Barcelona para el pr\u00f3ximo curso, despu\u00e9s de los del centrocampista Frenkie de Jong, procedente del Ajax de Amsterdam, y del meta Neto, exjugador del Valencia.<\/p>\n<p class=\"canvas-atom canvas-text Mb(1.0em) Mb(0)--sm Mt(0.8em)--sm\">El fichaje se hab\u00eda fraguado el pasado a\u00f1o, pero finalmente Griezmann decidi\u00f3 permanecer en el Atl\u00e9tico de Madrid, y renovar su contrato con el cuadro colchonero tras un generoso aumento de ficha.<\/p>\n<p class=\"canvas-atom canvas-text Mb(1.0em) Mb(0)--sm Mt(0.8em)--sm\">Sin embargo, en aquel acuerdo dejaba una puerta abierta para su posible salida, ya que su cl\u00e1usula de rescisi\u00f3n se rebajaba de los 200 millones de euros hasta los 120 millones de euros a partir del 1 de julio.<\/p>\n<p class=\"canvas-atom canvas-text Mb(1.0em) Mb(0)--sm Mt(0.8em)--sm\">Doce d\u00edas despu\u00e9s, el franc\u00e9s se ha convertido en jugador azulgrana. El a\u00f1o pasado, la marcha de Griezmann al Bar\u00e7a parec\u00eda un hecho. Adem\u00e1s, las negociaciones se telegrafiaron e incluso se edit\u00f3 un documental, titulado &#8220;La decisi\u00f3n de Griezmann&#8221;, producido por Gerard Piqu\u00e9, y que gener\u00f3 controversia.<\/p>\n<p class=\"canvas-atom canvas-text Mb(1.0em) Mb(0)--sm Mt(0.8em)--sm\">Nacido en M\u00e2con (Francia) el 21 de marzo de 1991, el delantero llega al Barcelona despu\u00e9s de haberse dado a conocer en Espa\u00f1a por su paso en la Real Sociedad y haberse consolidado como un jugador de clase mundial en el Atl\u00e9tico de Madrid.<\/p>\n<p class=\"canvas-atom canvas-text Mb(1.0em) Mb(0)--sm Mt(0.8em)--sm\">Griezmann fue captado en el Charnay-l\u00e8s-M\u00e2con (antes de fusionarse con otros clubes y convertirse en el UF Maconnais) por los ojeadores del equipo realista en 2014 y con solo catorce a\u00f1os. Cuatro a\u00f1os m\u00e1s tarde ya debut\u00f3 con el primer equipo de la Real Sociedad, que por entonces jugaba en Segunda Divisi\u00f3n.<\/p>\n<p class=\"canvas-atom canvas-text Mb(1.0em) Mb(0)--sm Mt(0.8em)--sm\">Con el equipo blanquiazul, jugando como extremo izquierdo, consigui\u00f3 el ascenso a Primera Divisi\u00f3n y en total lleg\u00f3 a disputar 202 partidos en los que marc\u00f3 52 tantos. En el verano de 2014 firm\u00f3 por el Atl\u00e9tico de Madrid y su nivel subi\u00f3 unos cuantos escalones.<\/p>\n<p class=\"canvas-atom canvas-text Mb(1.0em) Mb(0)--sm Mt(0.8em)--sm\">En 2016 fue uno de los responsables de que el Atl\u00e9tico llegara a la final de la Champions y termin\u00f3 en el podio del prestigioso &#8216;Bal\u00f3n de Oro&#8217;. Con Francia, fue uno de los jugadores m\u00e1s destacados en la Eurocopa de 2016, aquella en la que los &#8216;bleu&#8217; alcanzaron la final.<\/p>\n<p class=\"canvas-atom canvas-text Mb(1.0em) Mb(0)--sm Mt(0.8em)--sm\">Entonces fue &#8216;Bota de oro&#8217; del torneo como m\u00e1ximo goleador (seis goles). Pero seguramente alcanz\u00f3 la cumbre en el verano de 2018, cuando fue uno de los destacados en el t\u00edtulo mundialista conquistado por Francia en el Mundial de Rusia.<\/p>\n<p class=\"canvas-atom canvas-text Mb(1.0em) Mb(0)--sm Mt(0.8em)--sm\">Adem\u00e1s fue elegido mejor jugador de la final (MVP), disputada ante Croacia, y uno de los futbolistas m\u00e1s destacados del combinado de Didier Deschamps. Con el Atl\u00e9tico, tambi\u00e9n en 2018, consigui\u00f3 el t\u00edtulo de la &#8216;Europa League&#8217;.<\/p>\n<p class=\"canvas-atom canvas-text Mb(1.0em) Mb(0)--sm Mt(0.8em)--sm\">El Bar\u00e7a ficha a un jugador para complementar su ataque. Es un futbolista que cubre todas las posiciones de ataque, con gol, con \u00faltimo pase, con regate y con mucho peligro en las transiciones.<\/p>\n","protected":false},"excerpt":{"rendered":"<p>El acuerdo con el Barcelona es por las pr\u00f3ximas cinco temporadas.<\/p>\n","protected":false},"author":16,"featured_media":57740,"comment_status":"closed","ping_status":"closed","sticky":false,"template":"","format":"standard","meta":[],"categories":[2,60],"tags":[],"acf":[],"_links":{"self":[{"href":"https:\/\/colimdo.org\/wp-api\/wp\/v2\/posts\/57739"}],"collection":[{"href":"https:\/\/colimdo.org\/wp-api\/wp\/v2\/posts"}],"about":[{"href":"https:\/\/colimdo.org\/wp-api\/wp\/v2\/types\/post"}],"author":[{"embeddable":true,"href":"https:\/\/colimdo.org\/wp-api\/wp\/v2\/users\/16"}],"replies":[{"embeddable":true,"href":"https:\/\/colimdo.org\/wp-api\/wp\/v2\/comments?post=57739"}],"version-history":[{"count":2,"href":"https:\/\/colimdo.org\/wp-api\/wp\/v2\/posts\/57739\/revisions"}],"predecessor-version":[{"id":57742,"href":"https:\/\/colimdo.org\/wp-api\/wp\/v2\/posts\/57739\/revisions\/57742"}],"wp:featuredmedia":[{"embeddable":true,"href":"https:\/\/colimdo.org\/wp-api\/wp\/v2\/media\/57740"}],"wp:attachment":[{"href":"https:\/\/colimdo.org\/wp-api\/wp\/v2\/media?parent=57739"}],"wp:term":[{"taxonomy":"category","embeddable":true,"href":"https:\/\/colimdo.org\/wp-api\/wp\/v2\/categories?post=57739"},{"taxonomy":"post_tag","embeddable":true,"href":"https:\/\/colimdo.org\/wp-api\/wp\/v2\/tags?post=57739"}],"curies":[{"name":"wp","href":"https:\/\/api.w.org\/{rel}","templated":true}]}}